{"id":9136,"date":"2023-06-01T14:33:15","date_gmt":"2023-06-01T11:33:15","guid":{"rendered":"https:\/\/porvoojazzfestival.com\/jimi-tenor-band\/"},"modified":"2023-06-01T14:33:15","modified_gmt":"2023-06-01T11:33:15","slug":"jimi-tenor-band","status":"publish","type":"post","link":"https:\/\/porvoojazzfestival.com\/sv\/jimi-tenor-band\/","title":{"rendered":"JIMI TENOR BAND"},"content":{"rendered":"\n<p><strong>Jimi Tenor Band <\/strong><\/p>\n\n<p>Jimi Tenor \u00e4r en finsk musiker, s\u00e5ngare, komposit\u00f6r och multiinstrumentalist. Han har gett ut flera album och samarbetat med m\u00e5nga artiter, s\u00e5som Tony Allen, Maurice Fulton och Freestyle Man. Jimi Tenors musik \u00e4r k\u00e4nd f\u00f6r sin unika blandning av jazz, elektronisk musik, funk och afrikanska rytmer.   <\/p>\n\n<p>Jimi Tenor Band fick sin start under coronatiden d\u00e5 internationellt k\u00e4nda och i huvudsak utomlands turnerande Jimi Tenor inledde samarbetet med inhemska m\u00e4starna p\u00e5 sina instrument Lauri Kallio, Heikki Tuhkanen och Eeti Nieminen. Den h\u00e4r konstellationen l\u00e5ter st\u00f6rre \u00e4n den \u00e4r och alla medlemmar fixar kniviga arrangemang och vilda solon. I gruppen spelar \u00e4ven Jimi Tenors v\u00e4n Ekow \u201dEkowmania\u201d Alabi Savage fr\u00e5n Ghana, som fungerat som trummis i Tenors olika band sedan 2004.   <\/p>\n\n<p>S\u00e5 fort coronan l\u00e4ttade och Europa \u00f6ppnades upp gjorde gruppen en l\u00e5ng turn\u00e9 i Tyskland och enskilda spelningar i Polen, Ungern, Serbien och Estland. Jimi Tenor Band spelar i f\u00f6rsta hand stycken fr\u00e5n Jimi Tenors senaste skivor, de av Berlinbaserade skivbolaget Philophon utgivna \u201cOrder Of Nothingness\u201d och \u201cAulos\u201d, men l\u00e5tlistan inneh\u00e5ller \u00e4ven \u00e4ldre klassiker av Teno<strong>r.<\/strong>  <\/p>\n\n<p><br\/>Fre 29.9. 22.30 (D\u00f6rrar 21.45), 123 Kellari <br\/>Biljetter i f\u00f6rk\u00f6p 25\/20\u20ac, vid d\u00f6rren 30\u20ac K-18<br\/>EARLY BIRD LIPUT -5\u20ac till 15.6.! <\/p>\n","protected":false},"excerpt":{"rendered":"<p>Jimi Tenor Band Jimi Tenor \u00e4r en finsk musiker, s\u00e5ngare, komposit\u00f6r och multiinstrumentalist. Han har gett ut flera album och samarbetat med m\u00e5nga artiter, s\u00e5som Tony Allen, Maurice Fulton och Freestyle Man. Jimi Tenors musik \u00e4r k\u00e4nd f\u00f6r sin unika blandning av jazz, elektronisk musik, funk och afrikanska rytmer. Jimi Tenor Band fick sin start [&hellip;]<\/p>\n","protected":false},"author":4,"featured_media":8823,"comment_status":"closed","ping_status":"closed","sticky":false,"template":"","format":"standard","meta":{"_acf_changed":false,"_et_pb_use_builder":"off","_et_pb_old_content":"","_et_gb_content_width":"","footnotes":""},"categories":[62],"tags":[],"class_list":["post-9136","post","type-post","status-publish","format-standard","has-post-thumbnail","hentry","category-artist-sv"],"acf":[],"yoast_head":"<!-- This site is optimized with the Yoast SEO plugin v27.4 - https:\/\/yoast.com\/product\/yoast-seo-wordpress\/ -->\n<title>JIMI TENOR BAND - Porvoo Jazz Festival<\/title>\n<meta name=\"robots\" content=\"index, follow, max-snippet:-1, max-image-preview:large, max-video-preview:-1\" \/>\n<link rel=\"canonical\" href=\"https:\/\/porvoojazzfestival.com\/sv\/jimi-tenor-band\/\" \/>\n<meta property=\"og:locale\" content=\"sv_SE\" \/>\n<meta property=\"og:type\" content=\"article\" \/>\n<meta property=\"og:title\" content=\"JIMI TENOR BAND - Porvoo Jazz Festival\" \/>\n<meta property=\"og:description\" content=\"Jimi Tenor Band Jimi Tenor \u00e4r en finsk musiker, s\u00e5ngare, komposit\u00f6r och multiinstrumentalist. Han har gett ut flera album och samarbetat med m\u00e5nga artiter, s\u00e5som Tony Allen, Maurice Fulton och Freestyle Man. Jimi Tenors musik \u00e4r k\u00e4nd f\u00f6r sin unika blandning av jazz, elektronisk musik, funk och afrikanska rytmer. Jimi Tenor Band fick sin start [&hellip;]\" \/>\n<meta property=\"og:url\" content=\"https:\/\/porvoojazzfestival.com\/sv\/jimi-tenor-band\/\" \/>\n<meta property=\"og:site_name\" content=\"Porvoo Jazz Festival\" \/>\n<meta property=\"article:publisher\" content=\"https:\/\/www.facebook.com\/PorvooJazzFestival\/\" \/>\n<meta property=\"article:published_time\" content=\"2023-06-01T11:33:15+00:00\" \/>\n<meta property=\"og:image\" content=\"https:\/\/porvoojazzfestival.com\/wp-content\/uploads\/2023\/05\/jimi-tenor-band1.jpeg\" \/>\n\t<meta property=\"og:image:width\" content=\"1600\" \/>\n\t<meta property=\"og:image:height\" content=\"1066\" \/>\n\t<meta property=\"og:image:type\" content=\"image\/jpeg\" \/>\n<meta name=\"author\" content=\"Elina Brooks\" \/>\n<meta name=\"twitter:card\" content=\"summary_large_image\" \/>\n<meta name=\"twitter:creator\" content=\"@porvoojazzfest\" \/>\n<meta name=\"twitter:site\" content=\"@porvoojazzfest\" \/>\n<meta name=\"twitter:label1\" content=\"Skriven av\" \/>\n\t<meta name=\"twitter:data1\" content=\"Elina Brooks\" \/>\n\t<meta name=\"twitter:label2\" content=\"Ber\u00e4knad l\u00e4stid\" \/>\n\t<meta name=\"twitter:data2\" content=\"1 minut\" \/>\n<script type=\"application\/ld+json\" class=\"yoast-schema-graph\">{\"@context\":\"https:\\\/\\\/schema.org\",\"@graph\":[{\"@type\":\"Article\",\"@id\":\"https:\\\/\\\/porvoojazzfestival.com\\\/sv\\\/jimi-tenor-band\\\/#article\",\"isPartOf\":{\"@id\":\"https:\\\/\\\/porvoojazzfestival.com\\\/sv\\\/jimi-tenor-band\\\/\"},\"author\":{\"name\":\"Elina Brooks\",\"@id\":\"https:\\\/\\\/porvoojazzfestival.com\\\/sv\\\/#\\\/schema\\\/person\\\/94dc9fbf058fd4f94493ee2b6ad037e9\"},\"headline\":\"JIMI TENOR BAND\",\"datePublished\":\"2023-06-01T11:33:15+00:00\",\"mainEntityOfPage\":{\"@id\":\"https:\\\/\\\/porvoojazzfestival.com\\\/sv\\\/jimi-tenor-band\\\/\"},\"wordCount\":217,\"publisher\":{\"@id\":\"https:\\\/\\\/porvoojazzfestival.com\\\/sv\\\/#organization\"},\"image\":{\"@id\":\"https:\\\/\\\/porvoojazzfestival.com\\\/sv\\\/jimi-tenor-band\\\/#primaryimage\"},\"thumbnailUrl\":\"https:\\\/\\\/porvoojazzfestival.com\\\/wp-content\\\/uploads\\\/2023\\\/05\\\/jimi-tenor-band1-e1685630516655.jpeg\",\"articleSection\":[\"Artist\"],\"inLanguage\":\"sv-SE\"},{\"@type\":\"WebPage\",\"@id\":\"https:\\\/\\\/porvoojazzfestival.com\\\/sv\\\/jimi-tenor-band\\\/\",\"url\":\"https:\\\/\\\/porvoojazzfestival.com\\\/sv\\\/jimi-tenor-band\\\/\",\"name\":\"JIMI TENOR BAND - Porvoo Jazz Festival\",\"isPartOf\":{\"@id\":\"https:\\\/\\\/porvoojazzfestival.com\\\/sv\\\/#website\"},\"primaryImageOfPage\":{\"@id\":\"https:\\\/\\\/porvoojazzfestival.com\\\/sv\\\/jimi-tenor-band\\\/#primaryimage\"},\"image\":{\"@id\":\"https:\\\/\\\/porvoojazzfestival.com\\\/sv\\\/jimi-tenor-band\\\/#primaryimage\"},\"thumbnailUrl\":\"https:\\\/\\\/porvoojazzfestival.com\\\/wp-content\\\/uploads\\\/2023\\\/05\\\/jimi-tenor-band1-e1685630516655.jpeg\",\"datePublished\":\"2023-06-01T11:33:15+00:00\",\"breadcrumb\":{\"@id\":\"https:\\\/\\\/porvoojazzfestival.com\\\/sv\\\/jimi-tenor-band\\\/#breadcrumb\"},\"inLanguage\":\"sv-SE\",\"potentialAction\":[{\"@type\":\"ReadAction\",\"target\":[\"https:\\\/\\\/porvoojazzfestival.com\\\/sv\\\/jimi-tenor-band\\\/\"]}]},{\"@type\":\"ImageObject\",\"inLanguage\":\"sv-SE\",\"@id\":\"https:\\\/\\\/porvoojazzfestival.com\\\/sv\\\/jimi-tenor-band\\\/#primaryimage\",\"url\":\"https:\\\/\\\/porvoojazzfestival.com\\\/wp-content\\\/uploads\\\/2023\\\/05\\\/jimi-tenor-band1-e1685630516655.jpeg\",\"contentUrl\":\"https:\\\/\\\/porvoojazzfestival.com\\\/wp-content\\\/uploads\\\/2023\\\/05\\\/jimi-tenor-band1-e1685630516655.jpeg\",\"width\":1600,\"height\":1066},{\"@type\":\"BreadcrumbList\",\"@id\":\"https:\\\/\\\/porvoojazzfestival.com\\\/sv\\\/jimi-tenor-band\\\/#breadcrumb\",\"itemListElement\":[{\"@type\":\"ListItem\",\"position\":1,\"name\":\"Home\",\"item\":\"https:\\\/\\\/porvoojazzfestival.com\\\/sv\\\/\"},{\"@type\":\"ListItem\",\"position\":2,\"name\":\"JIMI TENOR BAND\"}]},{\"@type\":\"WebSite\",\"@id\":\"https:\\\/\\\/porvoojazzfestival.com\\\/sv\\\/#website\",\"url\":\"https:\\\/\\\/porvoojazzfestival.com\\\/sv\\\/\",\"name\":\"Porvoo Jazz Festival\",\"description\":\"The Cosy Jazz Fest\",\"publisher\":{\"@id\":\"https:\\\/\\\/porvoojazzfestival.com\\\/sv\\\/#organization\"},\"potentialAction\":[{\"@type\":\"SearchAction\",\"target\":{\"@type\":\"EntryPoint\",\"urlTemplate\":\"https:\\\/\\\/porvoojazzfestival.com\\\/sv\\\/?s={search_term_string}\"},\"query-input\":{\"@type\":\"PropertyValueSpecification\",\"valueRequired\":true,\"valueName\":\"search_term_string\"}}],\"inLanguage\":\"sv-SE\"},{\"@type\":\"Organization\",\"@id\":\"https:\\\/\\\/porvoojazzfestival.com\\\/sv\\\/#organization\",\"name\":\"Porvoo Jazz Festival\",\"url\":\"https:\\\/\\\/porvoojazzfestival.com\\\/sv\\\/\",\"logo\":{\"@type\":\"ImageObject\",\"inLanguage\":\"sv-SE\",\"@id\":\"https:\\\/\\\/porvoojazzfestival.com\\\/sv\\\/#\\\/schema\\\/logo\\\/image\\\/\",\"url\":\"https:\\\/\\\/porvoojazzfestival.com\\\/wp-content\\\/uploads\\\/2025\\\/01\\\/cropped-Porvoo-Jazz-Festival-Favicon.png\",\"contentUrl\":\"https:\\\/\\\/porvoojazzfestival.com\\\/wp-content\\\/uploads\\\/2025\\\/01\\\/cropped-Porvoo-Jazz-Festival-Favicon.png\",\"width\":512,\"height\":512,\"caption\":\"Porvoo Jazz Festival\"},\"image\":{\"@id\":\"https:\\\/\\\/porvoojazzfestival.com\\\/sv\\\/#\\\/schema\\\/logo\\\/image\\\/\"},\"sameAs\":[\"https:\\\/\\\/www.facebook.com\\\/PorvooJazzFestival\\\/\",\"https:\\\/\\\/x.com\\\/porvoojazzfest\"]},{\"@type\":\"Person\",\"@id\":\"https:\\\/\\\/porvoojazzfestival.com\\\/sv\\\/#\\\/schema\\\/person\\\/94dc9fbf058fd4f94493ee2b6ad037e9\",\"name\":\"Elina Brooks\",\"image\":{\"@type\":\"ImageObject\",\"inLanguage\":\"sv-SE\",\"@id\":\"https:\\\/\\\/secure.gravatar.com\\\/avatar\\\/b0ba5c83f2adbba9dd0937ac062a6be44f619d4898563199474968385e050e6d?s=96&d=mm&r=g\",\"url\":\"https:\\\/\\\/secure.gravatar.com\\\/avatar\\\/b0ba5c83f2adbba9dd0937ac062a6be44f619d4898563199474968385e050e6d?s=96&d=mm&r=g\",\"contentUrl\":\"https:\\\/\\\/secure.gravatar.com\\\/avatar\\\/b0ba5c83f2adbba9dd0937ac062a6be44f619d4898563199474968385e050e6d?s=96&d=mm&r=g\",\"caption\":\"Elina Brooks\"},\"url\":\"https:\\\/\\\/porvoojazzfestival.com\\\/sv\\\/author\\\/elina\\\/\"}]}<\/script>\n<!-- \/ Yoast SEO plugin. -->","yoast_head_json":{"title":"JIMI TENOR BAND - Porvoo Jazz Festival","robots":{"index":"index","follow":"follow","max-snippet":"max-snippet:-1","max-image-preview":"max-image-preview:large","max-video-preview":"max-video-preview:-1"},"canonical":"https:\/\/porvoojazzfestival.com\/sv\/jimi-tenor-band\/","og_locale":"sv_SE","og_type":"article","og_title":"JIMI TENOR BAND - Porvoo Jazz Festival","og_description":"Jimi Tenor Band Jimi Tenor \u00e4r en finsk musiker, s\u00e5ngare, komposit\u00f6r och multiinstrumentalist. Han har gett ut flera album och samarbetat med m\u00e5nga artiter, s\u00e5som Tony Allen, Maurice Fulton och Freestyle Man. Jimi Tenors musik \u00e4r k\u00e4nd f\u00f6r sin unika blandning av jazz, elektronisk musik, funk och afrikanska rytmer. Jimi Tenor Band fick sin start [&hellip;]","og_url":"https:\/\/porvoojazzfestival.com\/sv\/jimi-tenor-band\/","og_site_name":"Porvoo Jazz Festival","article_publisher":"https:\/\/www.facebook.com\/PorvooJazzFestival\/","article_published_time":"2023-06-01T11:33:15+00:00","og_image":[{"width":1600,"height":1066,"url":"https:\/\/porvoojazzfestival.com\/wp-content\/uploads\/2023\/05\/jimi-tenor-band1.jpeg","type":"image\/jpeg"}],"author":"Elina Brooks","twitter_card":"summary_large_image","twitter_creator":"@porvoojazzfest","twitter_site":"@porvoojazzfest","twitter_misc":{"Skriven av":"Elina Brooks","Ber\u00e4knad l\u00e4stid":"1 minut"},"schema":{"@context":"https:\/\/schema.org","@graph":[{"@type":"Article","@id":"https:\/\/porvoojazzfestival.com\/sv\/jimi-tenor-band\/#article","isPartOf":{"@id":"https:\/\/porvoojazzfestival.com\/sv\/jimi-tenor-band\/"},"author":{"name":"Elina Brooks","@id":"https:\/\/porvoojazzfestival.com\/sv\/#\/schema\/person\/94dc9fbf058fd4f94493ee2b6ad037e9"},"headline":"JIMI TENOR BAND","datePublished":"2023-06-01T11:33:15+00:00","mainEntityOfPage":{"@id":"https:\/\/porvoojazzfestival.com\/sv\/jimi-tenor-band\/"},"wordCount":217,"publisher":{"@id":"https:\/\/porvoojazzfestival.com\/sv\/#organization"},"image":{"@id":"https:\/\/porvoojazzfestival.com\/sv\/jimi-tenor-band\/#primaryimage"},"thumbnailUrl":"https:\/\/porvoojazzfestival.com\/wp-content\/uploads\/2023\/05\/jimi-tenor-band1-e1685630516655.jpeg","articleSection":["Artist"],"inLanguage":"sv-SE"},{"@type":"WebPage","@id":"https:\/\/porvoojazzfestival.com\/sv\/jimi-tenor-band\/","url":"https:\/\/porvoojazzfestival.com\/sv\/jimi-tenor-band\/","name":"JIMI TENOR BAND - Porvoo Jazz Festival","isPartOf":{"@id":"https:\/\/porvoojazzfestival.com\/sv\/#website"},"primaryImageOfPage":{"@id":"https:\/\/porvoojazzfestival.com\/sv\/jimi-tenor-band\/#primaryimage"},"image":{"@id":"https:\/\/porvoojazzfestival.com\/sv\/jimi-tenor-band\/#primaryimage"},"thumbnailUrl":"https:\/\/porvoojazzfestival.com\/wp-content\/uploads\/2023\/05\/jimi-tenor-band1-e1685630516655.jpeg","datePublished":"2023-06-01T11:33:15+00:00","breadcrumb":{"@id":"https:\/\/porvoojazzfestival.com\/sv\/jimi-tenor-band\/#breadcrumb"},"inLanguage":"sv-SE","potentialAction":[{"@type":"ReadAction","target":["https:\/\/porvoojazzfestival.com\/sv\/jimi-tenor-band\/"]}]},{"@type":"ImageObject","inLanguage":"sv-SE","@id":"https:\/\/porvoojazzfestival.com\/sv\/jimi-tenor-band\/#primaryimage","url":"https:\/\/porvoojazzfestival.com\/wp-content\/uploads\/2023\/05\/jimi-tenor-band1-e1685630516655.jpeg","contentUrl":"https:\/\/porvoojazzfestival.com\/wp-content\/uploads\/2023\/05\/jimi-tenor-band1-e1685630516655.jpeg","width":1600,"height":1066},{"@type":"BreadcrumbList","@id":"https:\/\/porvoojazzfestival.com\/sv\/jimi-tenor-band\/#breadcrumb","itemListElement":[{"@type":"ListItem","position":1,"name":"Home","item":"https:\/\/porvoojazzfestival.com\/sv\/"},{"@type":"ListItem","position":2,"name":"JIMI TENOR BAND"}]},{"@type":"WebSite","@id":"https:\/\/porvoojazzfestival.com\/sv\/#website","url":"https:\/\/porvoojazzfestival.com\/sv\/","name":"Porvoo Jazz Festival","description":"The Cosy Jazz Fest","publisher":{"@id":"https:\/\/porvoojazzfestival.com\/sv\/#organization"},"potentialAction":[{"@type":"SearchAction","target":{"@type":"EntryPoint","urlTemplate":"https:\/\/porvoojazzfestival.com\/sv\/?s={search_term_string}"},"query-input":{"@type":"PropertyValueSpecification","valueRequired":true,"valueName":"search_term_string"}}],"inLanguage":"sv-SE"},{"@type":"Organization","@id":"https:\/\/porvoojazzfestival.com\/sv\/#organization","name":"Porvoo Jazz Festival","url":"https:\/\/porvoojazzfestival.com\/sv\/","logo":{"@type":"ImageObject","inLanguage":"sv-SE","@id":"https:\/\/porvoojazzfestival.com\/sv\/#\/schema\/logo\/image\/","url":"https:\/\/porvoojazzfestival.com\/wp-content\/uploads\/2025\/01\/cropped-Porvoo-Jazz-Festival-Favicon.png","contentUrl":"https:\/\/porvoojazzfestival.com\/wp-content\/uploads\/2025\/01\/cropped-Porvoo-Jazz-Festival-Favicon.png","width":512,"height":512,"caption":"Porvoo Jazz Festival"},"image":{"@id":"https:\/\/porvoojazzfestival.com\/sv\/#\/schema\/logo\/image\/"},"sameAs":["https:\/\/www.facebook.com\/PorvooJazzFestival\/","https:\/\/x.com\/porvoojazzfest"]},{"@type":"Person","@id":"https:\/\/porvoojazzfestival.com\/sv\/#\/schema\/person\/94dc9fbf058fd4f94493ee2b6ad037e9","name":"Elina Brooks","image":{"@type":"ImageObject","inLanguage":"sv-SE","@id":"https:\/\/secure.gravatar.com\/avatar\/b0ba5c83f2adbba9dd0937ac062a6be44f619d4898563199474968385e050e6d?s=96&d=mm&r=g","url":"https:\/\/secure.gravatar.com\/avatar\/b0ba5c83f2adbba9dd0937ac062a6be44f619d4898563199474968385e050e6d?s=96&d=mm&r=g","contentUrl":"https:\/\/secure.gravatar.com\/avatar\/b0ba5c83f2adbba9dd0937ac062a6be44f619d4898563199474968385e050e6d?s=96&d=mm&r=g","caption":"Elina Brooks"},"url":"https:\/\/porvoojazzfestival.com\/sv\/author\/elina\/"}]}},"_links":{"self":[{"href":"https:\/\/porvoojazzfestival.com\/sv\/wp-json\/wp\/v2\/posts\/9136","targetHints":{"allow":["GET"]}}],"collection":[{"href":"https:\/\/porvoojazzfestival.com\/sv\/wp-json\/wp\/v2\/posts"}],"about":[{"href":"https:\/\/porvoojazzfestival.com\/sv\/wp-json\/wp\/v2\/types\/post"}],"author":[{"embeddable":true,"href":"https:\/\/porvoojazzfestival.com\/sv\/wp-json\/wp\/v2\/users\/4"}],"replies":[{"embeddable":true,"href":"https:\/\/porvoojazzfestival.com\/sv\/wp-json\/wp\/v2\/comments?post=9136"}],"version-history":[{"count":0,"href":"https:\/\/porvoojazzfestival.com\/sv\/wp-json\/wp\/v2\/posts\/9136\/revisions"}],"wp:featuredmedia":[{"embeddable":true,"href":"https:\/\/porvoojazzfestival.com\/sv\/wp-json\/wp\/v2\/media\/8823"}],"wp:attachment":[{"href":"https:\/\/porvoojazzfestival.com\/sv\/wp-json\/wp\/v2\/media?parent=9136"}],"wp:term":[{"taxonomy":"category","embeddable":true,"href":"https:\/\/porvoojazzfestival.com\/sv\/wp-json\/wp\/v2\/categories?post=9136"},{"taxonomy":"post_tag","embeddable":true,"href":"https:\/\/porvoojazzfestival.com\/sv\/wp-json\/wp\/v2\/tags?post=9136"}],"curies":[{"name":"wp","href":"https:\/\/api.w.org\/{rel}","templated":true}]}}