{"id":9130,"date":"2023-06-01T14:17:52","date_gmt":"2023-06-01T11:17:52","guid":{"rendered":"https:\/\/porvoojazzfestival.com\/mikko-iivanainen-solo\/"},"modified":"2023-06-01T14:17:53","modified_gmt":"2023-06-01T11:17:53","slug":"mikko-iivanainen-solo","status":"publish","type":"post","link":"https:\/\/porvoojazzfestival.com\/sv\/mikko-iivanainen-solo\/","title":{"rendered":"MIKKO IIVANAINEN SOLO"},"content":{"rendered":"\n<p>Mikko Iivanainen (f.1975) \u00e4r en remarkabelt m\u00e5ngsidig gitarrvirtuos som har samarbetat med bland andra Johanna Iivanainen, Maria Kalaniemi, Timo Alakotila, Edu Kettunen och Juhani Aaltonen. Projektet som soloartist inleddes 2019 och k\u00e4nnetecknas av en j\u00e4mb\u00f6rdig relation mellan gitarrspelet och komponerandet. De \u00e4r liksom myntets b\u00e4gge sidor, som f\u00f6der varandra. Gitarrkonstn\u00e4ren som m\u00e5lar med en rikhaltig palett har gett ut tre soloalbum: det proggtonade ensemble albumet <em>Last Room<\/em> (2014) samt sologitarr skivorna <em>A River Runs<\/em> through It (2020) och f\u00e4rskast <em>Lullaby for Lost Souls<\/em> (2023). Iivanainen framf\u00f6r sina stycken b\u00e5de p\u00e5 akustisk gitarr och elgitarr.     <\/p>\n\n<p>\u2019Musiken har en verkligt stor och m\u00e5ngfacetterad betydelse f\u00f6r mig sj\u00e4lv. Tr\u00f6st \u00e4r en sak jag f\u00e5r b\u00e5de som lyssnare och framf\u00f6rare. Jag k\u00e4nner av ett slags ansvar att producera musik som inneh\u00e5ller det elementet. Tanken p\u00e5 att vi inte \u00e4r ensamma i v\u00e5rt universum, \u00e4ven om omv\u00e4rlden \u00e4r hur kaotisk som helst. Om det sker en minsta r\u00f6relse ens i en \u00e5h\u00f6rare k\u00e4nner jag att jag lyckas\u2019.    <\/p>\n\n<p>\u201dIivanainen \u00e4r framf\u00f6r allt en m\u00e4stare p\u00e5 klangpaletten, fingrarna och grejerna besitter en vidunderlig soundrikedom\u201d -Suomijazz<\/p>\n\n<p>&#8221;Mikko Iivanainen bends, swells and suddenly stops notes at the most microscopic level, as if Jeff Beck had dedicated himself exclusively to jazz over the past 30 years.&#8221; -All About Jazz<\/p>\n\n<p>Mikko Iivanainen Solo<br\/>S\u00f6n 1.10. kl. 16 (d\u00f6rrar 15.30), Konsthallen<br\/>Biljetterna 20\/15\u20ac, d\u00f6rren 25\u20ac <br\/>EARLY BIRD BILJETTER -5\u20ac 15.6. FRAM TILLS!<\/p>\n","protected":false},"excerpt":{"rendered":"<p>Mikko Iivanainen (f.1975) \u00e4r en remarkabelt m\u00e5ngsidig gitarrvirtuos som har samarbetat med bland andra Johanna Iivanainen, Maria Kalaniemi, Timo Alakotila, Edu Kettunen och Juhani Aaltonen. Projektet som soloartist inleddes 2019 och k\u00e4nnetecknas av en j\u00e4mb\u00f6rdig relation mellan gitarrspelet och komponerandet. De \u00e4r liksom myntets b\u00e4gge sidor, som f\u00f6der varandra. Gitarrkonstn\u00e4ren som m\u00e5lar med en rikhaltig [&hellip;]<\/p>\n","protected":false},"author":7,"featured_media":8814,"comment_status":"closed","ping_status":"closed","sticky":false,"template":"","format":"standard","meta":{"_acf_changed":false,"_et_pb_use_builder":"off","_et_pb_old_content":"","_et_gb_content_width":"","footnotes":""},"categories":[62],"tags":[],"class_list":["post-9130","post","type-post","status-publish","format-standard","has-post-thumbnail","hentry","category-artist-sv"],"acf":[],"yoast_head":"<!-- This site is optimized with the Yoast SEO plugin v27.4 - https:\/\/yoast.com\/product\/yoast-seo-wordpress\/ -->\n<title>MIKKO IIVANAINEN SOLO - Porvoo Jazz Festival<\/title>\n<meta name=\"robots\" content=\"index, follow, max-snippet:-1, max-image-preview:large, max-video-preview:-1\" \/>\n<link rel=\"canonical\" href=\"https:\/\/porvoojazzfestival.com\/sv\/mikko-iivanainen-solo\/\" \/>\n<meta property=\"og:locale\" content=\"sv_SE\" \/>\n<meta property=\"og:type\" content=\"article\" \/>\n<meta property=\"og:title\" content=\"MIKKO IIVANAINEN SOLO - Porvoo Jazz Festival\" \/>\n<meta property=\"og:description\" content=\"Mikko Iivanainen (f.1975) \u00e4r en remarkabelt m\u00e5ngsidig gitarrvirtuos som har samarbetat med bland andra Johanna Iivanainen, Maria Kalaniemi, Timo Alakotila, Edu Kettunen och Juhani Aaltonen. Projektet som soloartist inleddes 2019 och k\u00e4nnetecknas av en j\u00e4mb\u00f6rdig relation mellan gitarrspelet och komponerandet. De \u00e4r liksom myntets b\u00e4gge sidor, som f\u00f6der varandra. Gitarrkonstn\u00e4ren som m\u00e5lar med en rikhaltig [&hellip;]\" \/>\n<meta property=\"og:url\" content=\"https:\/\/porvoojazzfestival.com\/sv\/mikko-iivanainen-solo\/\" \/>\n<meta property=\"og:site_name\" content=\"Porvoo Jazz Festival\" \/>\n<meta property=\"article:publisher\" content=\"https:\/\/www.facebook.com\/PorvooJazzFestival\/\" \/>\n<meta property=\"article:published_time\" content=\"2023-06-01T11:17:52+00:00\" \/>\n<meta property=\"article:modified_time\" content=\"2023-06-01T11:17:53+00:00\" \/>\n<meta property=\"og:image\" content=\"https:\/\/porvoojazzfestival.com\/wp-content\/uploads\/2023\/05\/mikkoiivanainen-scaled.jpg\" \/>\n\t<meta property=\"og:image:width\" content=\"2560\" \/>\n\t<meta property=\"og:image:height\" content=\"1707\" \/>\n\t<meta property=\"og:image:type\" content=\"image\/jpeg\" \/>\n<meta name=\"author\" content=\"Ulpu Hozjajenok\" \/>\n<meta name=\"twitter:card\" content=\"summary_large_image\" \/>\n<meta name=\"twitter:creator\" content=\"@porvoojazzfest\" \/>\n<meta name=\"twitter:site\" content=\"@porvoojazzfest\" \/>\n<meta name=\"twitter:label1\" content=\"Skriven av\" \/>\n\t<meta name=\"twitter:data1\" content=\"Ulpu Hozjajenok\" \/>\n\t<meta name=\"twitter:label2\" content=\"Ber\u00e4knad l\u00e4stid\" \/>\n\t<meta name=\"twitter:data2\" content=\"1 minut\" \/>\n<script type=\"application\/ld+json\" class=\"yoast-schema-graph\">{\"@context\":\"https:\\\/\\\/schema.org\",\"@graph\":[{\"@type\":\"Article\",\"@id\":\"https:\\\/\\\/porvoojazzfestival.com\\\/sv\\\/mikko-iivanainen-solo\\\/#article\",\"isPartOf\":{\"@id\":\"https:\\\/\\\/porvoojazzfestival.com\\\/sv\\\/mikko-iivanainen-solo\\\/\"},\"author\":{\"name\":\"Ulpu Hozjajenok\",\"@id\":\"https:\\\/\\\/porvoojazzfestival.com\\\/sv\\\/#\\\/schema\\\/person\\\/a27a2522702a72037c4d46d70807e79c\"},\"headline\":\"MIKKO IIVANAINEN SOLO\",\"datePublished\":\"2023-06-01T11:17:52+00:00\",\"dateModified\":\"2023-06-01T11:17:53+00:00\",\"mainEntityOfPage\":{\"@id\":\"https:\\\/\\\/porvoojazzfestival.com\\\/sv\\\/mikko-iivanainen-solo\\\/\"},\"wordCount\":250,\"publisher\":{\"@id\":\"https:\\\/\\\/porvoojazzfestival.com\\\/sv\\\/#organization\"},\"image\":{\"@id\":\"https:\\\/\\\/porvoojazzfestival.com\\\/sv\\\/mikko-iivanainen-solo\\\/#primaryimage\"},\"thumbnailUrl\":\"https:\\\/\\\/porvoojazzfestival.com\\\/wp-content\\\/uploads\\\/2023\\\/05\\\/mikkoiivanainen-scaled.jpg\",\"articleSection\":[\"Artist\"],\"inLanguage\":\"sv-SE\"},{\"@type\":\"WebPage\",\"@id\":\"https:\\\/\\\/porvoojazzfestival.com\\\/sv\\\/mikko-iivanainen-solo\\\/\",\"url\":\"https:\\\/\\\/porvoojazzfestival.com\\\/sv\\\/mikko-iivanainen-solo\\\/\",\"name\":\"MIKKO IIVANAINEN SOLO - Porvoo Jazz Festival\",\"isPartOf\":{\"@id\":\"https:\\\/\\\/porvoojazzfestival.com\\\/sv\\\/#website\"},\"primaryImageOfPage\":{\"@id\":\"https:\\\/\\\/porvoojazzfestival.com\\\/sv\\\/mikko-iivanainen-solo\\\/#primaryimage\"},\"image\":{\"@id\":\"https:\\\/\\\/porvoojazzfestival.com\\\/sv\\\/mikko-iivanainen-solo\\\/#primaryimage\"},\"thumbnailUrl\":\"https:\\\/\\\/porvoojazzfestival.com\\\/wp-content\\\/uploads\\\/2023\\\/05\\\/mikkoiivanainen-scaled.jpg\",\"datePublished\":\"2023-06-01T11:17:52+00:00\",\"dateModified\":\"2023-06-01T11:17:53+00:00\",\"breadcrumb\":{\"@id\":\"https:\\\/\\\/porvoojazzfestival.com\\\/sv\\\/mikko-iivanainen-solo\\\/#breadcrumb\"},\"inLanguage\":\"sv-SE\",\"potentialAction\":[{\"@type\":\"ReadAction\",\"target\":[\"https:\\\/\\\/porvoojazzfestival.com\\\/sv\\\/mikko-iivanainen-solo\\\/\"]}]},{\"@type\":\"ImageObject\",\"inLanguage\":\"sv-SE\",\"@id\":\"https:\\\/\\\/porvoojazzfestival.com\\\/sv\\\/mikko-iivanainen-solo\\\/#primaryimage\",\"url\":\"https:\\\/\\\/porvoojazzfestival.com\\\/wp-content\\\/uploads\\\/2023\\\/05\\\/mikkoiivanainen-scaled.jpg\",\"contentUrl\":\"https:\\\/\\\/porvoojazzfestival.com\\\/wp-content\\\/uploads\\\/2023\\\/05\\\/mikkoiivanainen-scaled.jpg\",\"width\":2560,\"height\":1707},{\"@type\":\"BreadcrumbList\",\"@id\":\"https:\\\/\\\/porvoojazzfestival.com\\\/sv\\\/mikko-iivanainen-solo\\\/#breadcrumb\",\"itemListElement\":[{\"@type\":\"ListItem\",\"position\":1,\"name\":\"Home\",\"item\":\"https:\\\/\\\/porvoojazzfestival.com\\\/sv\\\/\"},{\"@type\":\"ListItem\",\"position\":2,\"name\":\"MIKKO IIVANAINEN SOLO\"}]},{\"@type\":\"WebSite\",\"@id\":\"https:\\\/\\\/porvoojazzfestival.com\\\/sv\\\/#website\",\"url\":\"https:\\\/\\\/porvoojazzfestival.com\\\/sv\\\/\",\"name\":\"Porvoo Jazz Festival\",\"description\":\"The Cosy Jazz Fest\",\"publisher\":{\"@id\":\"https:\\\/\\\/porvoojazzfestival.com\\\/sv\\\/#organization\"},\"potentialAction\":[{\"@type\":\"SearchAction\",\"target\":{\"@type\":\"EntryPoint\",\"urlTemplate\":\"https:\\\/\\\/porvoojazzfestival.com\\\/sv\\\/?s={search_term_string}\"},\"query-input\":{\"@type\":\"PropertyValueSpecification\",\"valueRequired\":true,\"valueName\":\"search_term_string\"}}],\"inLanguage\":\"sv-SE\"},{\"@type\":\"Organization\",\"@id\":\"https:\\\/\\\/porvoojazzfestival.com\\\/sv\\\/#organization\",\"name\":\"Porvoo Jazz Festival\",\"url\":\"https:\\\/\\\/porvoojazzfestival.com\\\/sv\\\/\",\"logo\":{\"@type\":\"ImageObject\",\"inLanguage\":\"sv-SE\",\"@id\":\"https:\\\/\\\/porvoojazzfestival.com\\\/sv\\\/#\\\/schema\\\/logo\\\/image\\\/\",\"url\":\"https:\\\/\\\/porvoojazzfestival.com\\\/wp-content\\\/uploads\\\/2025\\\/01\\\/cropped-Porvoo-Jazz-Festival-Favicon.png\",\"contentUrl\":\"https:\\\/\\\/porvoojazzfestival.com\\\/wp-content\\\/uploads\\\/2025\\\/01\\\/cropped-Porvoo-Jazz-Festival-Favicon.png\",\"width\":512,\"height\":512,\"caption\":\"Porvoo Jazz Festival\"},\"image\":{\"@id\":\"https:\\\/\\\/porvoojazzfestival.com\\\/sv\\\/#\\\/schema\\\/logo\\\/image\\\/\"},\"sameAs\":[\"https:\\\/\\\/www.facebook.com\\\/PorvooJazzFestival\\\/\",\"https:\\\/\\\/x.com\\\/porvoojazzfest\"]},{\"@type\":\"Person\",\"@id\":\"https:\\\/\\\/porvoojazzfestival.com\\\/sv\\\/#\\\/schema\\\/person\\\/a27a2522702a72037c4d46d70807e79c\",\"name\":\"Ulpu Hozjajenok\",\"image\":{\"@type\":\"ImageObject\",\"inLanguage\":\"sv-SE\",\"@id\":\"https:\\\/\\\/secure.gravatar.com\\\/avatar\\\/4eab8813ebc7881b9cf0e932655e45fb1b448b7c5d59d9330c799d4c33d06543?s=96&d=mm&r=g\",\"url\":\"https:\\\/\\\/secure.gravatar.com\\\/avatar\\\/4eab8813ebc7881b9cf0e932655e45fb1b448b7c5d59d9330c799d4c33d06543?s=96&d=mm&r=g\",\"contentUrl\":\"https:\\\/\\\/secure.gravatar.com\\\/avatar\\\/4eab8813ebc7881b9cf0e932655e45fb1b448b7c5d59d9330c799d4c33d06543?s=96&d=mm&r=g\",\"caption\":\"Ulpu Hozjajenok\"},\"url\":\"https:\\\/\\\/porvoojazzfestival.com\\\/sv\\\/author\\\/ulpu\\\/\"}]}<\/script>\n<!-- \/ Yoast SEO plugin. -->","yoast_head_json":{"title":"MIKKO IIVANAINEN SOLO - Porvoo Jazz Festival","robots":{"index":"index","follow":"follow","max-snippet":"max-snippet:-1","max-image-preview":"max-image-preview:large","max-video-preview":"max-video-preview:-1"},"canonical":"https:\/\/porvoojazzfestival.com\/sv\/mikko-iivanainen-solo\/","og_locale":"sv_SE","og_type":"article","og_title":"MIKKO IIVANAINEN SOLO - Porvoo Jazz Festival","og_description":"Mikko Iivanainen (f.1975) \u00e4r en remarkabelt m\u00e5ngsidig gitarrvirtuos som har samarbetat med bland andra Johanna Iivanainen, Maria Kalaniemi, Timo Alakotila, Edu Kettunen och Juhani Aaltonen. Projektet som soloartist inleddes 2019 och k\u00e4nnetecknas av en j\u00e4mb\u00f6rdig relation mellan gitarrspelet och komponerandet. De \u00e4r liksom myntets b\u00e4gge sidor, som f\u00f6der varandra. Gitarrkonstn\u00e4ren som m\u00e5lar med en rikhaltig [&hellip;]","og_url":"https:\/\/porvoojazzfestival.com\/sv\/mikko-iivanainen-solo\/","og_site_name":"Porvoo Jazz Festival","article_publisher":"https:\/\/www.facebook.com\/PorvooJazzFestival\/","article_published_time":"2023-06-01T11:17:52+00:00","article_modified_time":"2023-06-01T11:17:53+00:00","og_image":[{"width":2560,"height":1707,"url":"https:\/\/porvoojazzfestival.com\/wp-content\/uploads\/2023\/05\/mikkoiivanainen-scaled.jpg","type":"image\/jpeg"}],"author":"Ulpu Hozjajenok","twitter_card":"summary_large_image","twitter_creator":"@porvoojazzfest","twitter_site":"@porvoojazzfest","twitter_misc":{"Skriven av":"Ulpu Hozjajenok","Ber\u00e4knad l\u00e4stid":"1 minut"},"schema":{"@context":"https:\/\/schema.org","@graph":[{"@type":"Article","@id":"https:\/\/porvoojazzfestival.com\/sv\/mikko-iivanainen-solo\/#article","isPartOf":{"@id":"https:\/\/porvoojazzfestival.com\/sv\/mikko-iivanainen-solo\/"},"author":{"name":"Ulpu Hozjajenok","@id":"https:\/\/porvoojazzfestival.com\/sv\/#\/schema\/person\/a27a2522702a72037c4d46d70807e79c"},"headline":"MIKKO IIVANAINEN SOLO","datePublished":"2023-06-01T11:17:52+00:00","dateModified":"2023-06-01T11:17:53+00:00","mainEntityOfPage":{"@id":"https:\/\/porvoojazzfestival.com\/sv\/mikko-iivanainen-solo\/"},"wordCount":250,"publisher":{"@id":"https:\/\/porvoojazzfestival.com\/sv\/#organization"},"image":{"@id":"https:\/\/porvoojazzfestival.com\/sv\/mikko-iivanainen-solo\/#primaryimage"},"thumbnailUrl":"https:\/\/porvoojazzfestival.com\/wp-content\/uploads\/2023\/05\/mikkoiivanainen-scaled.jpg","articleSection":["Artist"],"inLanguage":"sv-SE"},{"@type":"WebPage","@id":"https:\/\/porvoojazzfestival.com\/sv\/mikko-iivanainen-solo\/","url":"https:\/\/porvoojazzfestival.com\/sv\/mikko-iivanainen-solo\/","name":"MIKKO IIVANAINEN SOLO - Porvoo Jazz Festival","isPartOf":{"@id":"https:\/\/porvoojazzfestival.com\/sv\/#website"},"primaryImageOfPage":{"@id":"https:\/\/porvoojazzfestival.com\/sv\/mikko-iivanainen-solo\/#primaryimage"},"image":{"@id":"https:\/\/porvoojazzfestival.com\/sv\/mikko-iivanainen-solo\/#primaryimage"},"thumbnailUrl":"https:\/\/porvoojazzfestival.com\/wp-content\/uploads\/2023\/05\/mikkoiivanainen-scaled.jpg","datePublished":"2023-06-01T11:17:52+00:00","dateModified":"2023-06-01T11:17:53+00:00","breadcrumb":{"@id":"https:\/\/porvoojazzfestival.com\/sv\/mikko-iivanainen-solo\/#breadcrumb"},"inLanguage":"sv-SE","potentialAction":[{"@type":"ReadAction","target":["https:\/\/porvoojazzfestival.com\/sv\/mikko-iivanainen-solo\/"]}]},{"@type":"ImageObject","inLanguage":"sv-SE","@id":"https:\/\/porvoojazzfestival.com\/sv\/mikko-iivanainen-solo\/#primaryimage","url":"https:\/\/porvoojazzfestival.com\/wp-content\/uploads\/2023\/05\/mikkoiivanainen-scaled.jpg","contentUrl":"https:\/\/porvoojazzfestival.com\/wp-content\/uploads\/2023\/05\/mikkoiivanainen-scaled.jpg","width":2560,"height":1707},{"@type":"BreadcrumbList","@id":"https:\/\/porvoojazzfestival.com\/sv\/mikko-iivanainen-solo\/#breadcrumb","itemListElement":[{"@type":"ListItem","position":1,"name":"Home","item":"https:\/\/porvoojazzfestival.com\/sv\/"},{"@type":"ListItem","position":2,"name":"MIKKO IIVANAINEN SOLO"}]},{"@type":"WebSite","@id":"https:\/\/porvoojazzfestival.com\/sv\/#website","url":"https:\/\/porvoojazzfestival.com\/sv\/","name":"Porvoo Jazz Festival","description":"The Cosy Jazz Fest","publisher":{"@id":"https:\/\/porvoojazzfestival.com\/sv\/#organization"},"potentialAction":[{"@type":"SearchAction","target":{"@type":"EntryPoint","urlTemplate":"https:\/\/porvoojazzfestival.com\/sv\/?s={search_term_string}"},"query-input":{"@type":"PropertyValueSpecification","valueRequired":true,"valueName":"search_term_string"}}],"inLanguage":"sv-SE"},{"@type":"Organization","@id":"https:\/\/porvoojazzfestival.com\/sv\/#organization","name":"Porvoo Jazz Festival","url":"https:\/\/porvoojazzfestival.com\/sv\/","logo":{"@type":"ImageObject","inLanguage":"sv-SE","@id":"https:\/\/porvoojazzfestival.com\/sv\/#\/schema\/logo\/image\/","url":"https:\/\/porvoojazzfestival.com\/wp-content\/uploads\/2025\/01\/cropped-Porvoo-Jazz-Festival-Favicon.png","contentUrl":"https:\/\/porvoojazzfestival.com\/wp-content\/uploads\/2025\/01\/cropped-Porvoo-Jazz-Festival-Favicon.png","width":512,"height":512,"caption":"Porvoo Jazz Festival"},"image":{"@id":"https:\/\/porvoojazzfestival.com\/sv\/#\/schema\/logo\/image\/"},"sameAs":["https:\/\/www.facebook.com\/PorvooJazzFestival\/","https:\/\/x.com\/porvoojazzfest"]},{"@type":"Person","@id":"https:\/\/porvoojazzfestival.com\/sv\/#\/schema\/person\/a27a2522702a72037c4d46d70807e79c","name":"Ulpu Hozjajenok","image":{"@type":"ImageObject","inLanguage":"sv-SE","@id":"https:\/\/secure.gravatar.com\/avatar\/4eab8813ebc7881b9cf0e932655e45fb1b448b7c5d59d9330c799d4c33d06543?s=96&d=mm&r=g","url":"https:\/\/secure.gravatar.com\/avatar\/4eab8813ebc7881b9cf0e932655e45fb1b448b7c5d59d9330c799d4c33d06543?s=96&d=mm&r=g","contentUrl":"https:\/\/secure.gravatar.com\/avatar\/4eab8813ebc7881b9cf0e932655e45fb1b448b7c5d59d9330c799d4c33d06543?s=96&d=mm&r=g","caption":"Ulpu Hozjajenok"},"url":"https:\/\/porvoojazzfestival.com\/sv\/author\/ulpu\/"}]}},"_links":{"self":[{"href":"https:\/\/porvoojazzfestival.com\/sv\/wp-json\/wp\/v2\/posts\/9130","targetHints":{"allow":["GET"]}}],"collection":[{"href":"https:\/\/porvoojazzfestival.com\/sv\/wp-json\/wp\/v2\/posts"}],"about":[{"href":"https:\/\/porvoojazzfestival.com\/sv\/wp-json\/wp\/v2\/types\/post"}],"author":[{"embeddable":true,"href":"https:\/\/porvoojazzfestival.com\/sv\/wp-json\/wp\/v2\/users\/7"}],"replies":[{"embeddable":true,"href":"https:\/\/porvoojazzfestival.com\/sv\/wp-json\/wp\/v2\/comments?post=9130"}],"version-history":[{"count":0,"href":"https:\/\/porvoojazzfestival.com\/sv\/wp-json\/wp\/v2\/posts\/9130\/revisions"}],"wp:featuredmedia":[{"embeddable":true,"href":"https:\/\/porvoojazzfestival.com\/sv\/wp-json\/wp\/v2\/media\/8814"}],"wp:attachment":[{"href":"https:\/\/porvoojazzfestival.com\/sv\/wp-json\/wp\/v2\/media?parent=9130"}],"wp:term":[{"taxonomy":"category","embeddable":true,"href":"https:\/\/porvoojazzfestival.com\/sv\/wp-json\/wp\/v2\/categories?post=9130"},{"taxonomy":"post_tag","embeddable":true,"href":"https:\/\/porvoojazzfestival.com\/sv\/wp-json\/wp\/v2\/tags?post=9130"}],"curies":[{"name":"wp","href":"https:\/\/api.w.org\/{rel}","templated":true}]}}