{"id":7484,"date":"2022-06-21T16:40:48","date_gmt":"2022-06-21T13:40:48","guid":{"rendered":"https:\/\/porvoojazzfestival.com\/10-arsjubileumskonsert-linda-fredriksson-juniper\/"},"modified":"2022-08-25T17:00:52","modified_gmt":"2022-08-25T14:00:52","slug":"10-arsjubileumskonsert-linda-fredriksson-juniper","status":"publish","type":"post","link":"https:\/\/porvoojazzfestival.com\/sv\/10-arsjubileumskonsert-linda-fredriksson-juniper\/","title":{"rendered":"10-\u00c5RSJUBILEUMSKONSERT: LINDA FREDRIKSSON JUNIPER"},"content":{"rendered":"[et_pb_section admin_label=&#8221;section&#8221;]\n\t\t\t[et_pb_row admin_label=&#8221;row&#8221;]\n\t\t\t\t[et_pb_column type=&#8221;4_4&#8243;][et_pb_text admin_label=&#8221;Text&#8221;]\n<p>\u00c4lskade Porvoo Jazz Festival fyller j\u00e4mnt, och det vill vi fira tillsammans med b\u00e4sta t\u00e4nkbara musik och publik. V\u00e5r 10-\u00e5rsjubileumskonsert ordnas p\u00e5 en ny plats vid Borg\u00e5s gamla j\u00e4rnv\u00e4gsstation. P\u00e5 Tornstallets scen stiger en saxofonist, som med fog kan kallas f\u00f6r en av de mest lyskraftiga jazzmusikerna f\u00f6r tillf\u00e4llet, upp. Linda Fredrikssons Teosto- och Emma-bel\u00f6nade, femstj\u00e4rniga Juniper \u00e4r \u00e5rets mest omtalade musikaliska prov p\u00e5 skicklighet och hyllas av s\u00e5v\u00e4l kritiker som \u00e5h\u00f6rare. Juniper \u00e4r medryckande och saknar genregr\u00e4nser, och de starka melodierna f\u00f6rsjunker i dr\u00f6mska texturer.    <\/p>\n\n<p>Linda Fredriksson har blivit bekant via flera bekanta grupper, s\u00e5som Mopo, Ricky-Tick Big Band och Superposition som en v\u00e5ghalsig improvisat\u00f6r och en m\u00e5ngfacetterad musiker. I Juniper tar Fredriksson fram musik komponerad av sin \u201dl\u00e5gm\u00e4lda och blyga sida\u201d &#8211; till sj\u00e4len singer-songwriter-musik framf\u00f6rd av en jazzensemble. <\/p>\n\n<p>P\u00e5 spelningarna antar Juniper en ny skepnad, d\u00e5 musikerna enligt Fredrikssons \u00f6nskem\u00e5l sl\u00e4nger in sig i improvisationer, s\u00e5 musiken kan fl\u00f6da fritt.<\/p>\n\n<figure class=\"wp-block-embed is-type-rich is-provider-spotify wp-block-embed-spotify wp-embed-aspect-21-9 wp-has-aspect-ratio\"><div class=\"wp-block-embed__wrapper\">\n<iframe title=\"Spotify Embed: Juniper\" style=\"border-radius: 12px\" width=\"100%\" height=\"380\" frameborder=\"0\" allowfullscreen allow=\"autoplay; clipboard-write; encrypted-media; fullscreen; picture-in-picture\" src=\"https:\/\/open.spotify.com\/embed\/album\/1yzMDB3ziDcbyDJcYIX8N0?si=lMwAnPq9TN60-6fckIxAJQ&#038;utm_source=oembed\"><\/iframe>\n<\/div><\/figure>\n[\/et_pb_text][\/et_pb_column]\n\t\t\t[\/et_pb_row]\n\t\t[\/et_pb_section]","protected":false},"excerpt":{"rendered":"<p>[et_pb_section admin_label=&#8221;section&#8221;] [et_pb_row admin_label=&#8221;row&#8221;] [et_pb_column type=&#8221;4_4&#8243;][et_pb_text admin_label=&#8221;Text&#8221;] \u00c4lskade Porvoo Jazz Festival fyller j\u00e4mnt, och det vill vi fira tillsammans med b\u00e4sta t\u00e4nkbara musik och publik. V\u00e5r 10-\u00e5rsjubileumskonsert ordnas p\u00e5 en ny plats vid Borg\u00e5s gamla j\u00e4rnv\u00e4gsstation. P\u00e5 Tornstallets scen stiger en saxofonist, som med fog kan kallas f\u00f6r en av de mest lyskraftiga jazzmusikerna f\u00f6r [&hellip;]<\/p>\n","protected":false},"author":7,"featured_media":7184,"comment_status":"closed","ping_status":"closed","sticky":false,"template":"","format":"standard","meta":{"_acf_changed":false,"_et_pb_use_builder":"off","_et_pb_old_content":"<!-- wp:paragraph {\"translatedWithWPMLTM\":\"1\"} -->\n<p>\u00c4lskade Porvoo Jazz Festival fyller j\u00e4mnt, och det vill vi fira tillsammans med b\u00e4sta t\u00e4nkbara musik och publik. V\u00e5r 10-\u00e5rsjubileumskonsert ordnas p\u00e5 en ny plats vid Borg\u00e5s gamla j\u00e4rnv\u00e4gsstation. P\u00e5 Tornstallets scen stiger en saxofonist, som med fog kan kallas f\u00f6r en av de mest lyskraftiga jazzmusikerna f\u00f6r tillf\u00e4llet, upp. Linda Fredrikssons Teosto- och Emma-bel\u00f6nade, femstj\u00e4rniga Juniper \u00e4r \u00e5rets mest omtalade musikaliska prov p\u00e5 skicklighet och hyllas av s\u00e5v\u00e4l kritiker som \u00e5h\u00f6rare. Juniper \u00e4r medryckande och saknar genregr\u00e4nser, och de starka melodierna f\u00f6rsjunker i dr\u00f6mska texturer.    <\/p>\n<!-- \/wp:paragraph --><!-- wp:paragraph {\"translatedWithWPMLTM\":\"1\"} -->\n<p>Linda Fredriksson har blivit bekant via flera bekanta grupper, s\u00e5som Mopo, Ricky-Tick Big Band och Superposition som en v\u00e5ghalsig improvisat\u00f6r och en m\u00e5ngfacetterad musiker. I Juniper tar Fredriksson fram musik komponerad av sin \u201dl\u00e5gm\u00e4lda och blyga sida\u201d - till sj\u00e4len singer-songwriter-musik framf\u00f6rd av en jazzensemble. <\/p>\n<!-- \/wp:paragraph --><!-- wp:paragraph {\"translatedWithWPMLTM\":\"1\"} -->\n<p>P\u00e5 spelningarna antar Juniper en ny skepnad, d\u00e5 musikerna enligt Fredrikssons \u00f6nskem\u00e5l sl\u00e4nger in sig i improvisationer, s\u00e5 musiken kan fl\u00f6da fritt.<\/p>\n<!-- \/wp:paragraph --><!-- wp:embed {\"url\":\"https:\/\/open.spotify.com\/album\/1yzMDB3ziDcbyDJcYIX8N0?si=lMwAnPq9TN60-6fckIxAJQ\",\"type\":\"rich\",\"providerNameSlug\":\"spotify\",\"responsive\":true,\"className\":\"wp-embed-aspect-21-9 wp-has-aspect-ratio\"} -->\n<figure class=\"wp-block-embed is-type-rich is-provider-spotify wp-block-embed-spotify wp-embed-aspect-21-9 wp-has-aspect-ratio\"><div class=\"wp-block-embed__wrapper\">\nhttps:\/\/open.spotify.com\/album\/1yzMDB3ziDcbyDJcYIX8N0?si=lMwAnPq9TN60-6fckIxAJQ\n<\/div><\/figure>\n<!-- \/wp:embed -->","_et_gb_content_width":"","footnotes":""},"categories":[62],"tags":[],"class_list":["post-7484","post","type-post","status-publish","format-standard","has-post-thumbnail","hentry","category-artist-sv"],"acf":[],"yoast_head":"<!-- This site is optimized with the Yoast SEO plugin v27.4 - https:\/\/yoast.com\/product\/yoast-seo-wordpress\/ -->\n<title>10-\u00c5RSJUBILEUMSKONSERT: LINDA FREDRIKSSON JUNIPER - Porvoo Jazz Festival<\/title>\n<meta name=\"robots\" content=\"index, follow, max-snippet:-1, max-image-preview:large, max-video-preview:-1\" \/>\n<link rel=\"canonical\" href=\"https:\/\/porvoojazzfestival.com\/sv\/10-arsjubileumskonsert-linda-fredriksson-juniper\/\" \/>\n<meta property=\"og:locale\" content=\"sv_SE\" \/>\n<meta property=\"og:type\" content=\"article\" \/>\n<meta property=\"og:title\" content=\"10-\u00c5RSJUBILEUMSKONSERT: LINDA FREDRIKSSON JUNIPER - Porvoo Jazz Festival\" \/>\n<meta property=\"og:description\" content=\"[et_pb_section admin_label=&#8221;section&#8221;] [et_pb_row admin_label=&#8221;row&#8221;] [et_pb_column type=&#8221;4_4&#8243;][et_pb_text admin_label=&#8221;Text&#8221;] \u00c4lskade Porvoo Jazz Festival fyller j\u00e4mnt, och det vill vi fira tillsammans med b\u00e4sta t\u00e4nkbara musik och publik. V\u00e5r 10-\u00e5rsjubileumskonsert ordnas p\u00e5 en ny plats vid Borg\u00e5s gamla j\u00e4rnv\u00e4gsstation. P\u00e5 Tornstallets scen stiger en saxofonist, som med fog kan kallas f\u00f6r en av de mest lyskraftiga jazzmusikerna f\u00f6r [&hellip;]\" \/>\n<meta property=\"og:url\" content=\"https:\/\/porvoojazzfestival.com\/sv\/10-arsjubileumskonsert-linda-fredriksson-juniper\/\" \/>\n<meta property=\"og:site_name\" content=\"Porvoo Jazz Festival\" \/>\n<meta property=\"article:publisher\" content=\"https:\/\/www.facebook.com\/PorvooJazzFestival\/\" \/>\n<meta property=\"article:published_time\" content=\"2022-06-21T13:40:48+00:00\" \/>\n<meta property=\"article:modified_time\" content=\"2022-08-25T14:00:52+00:00\" \/>\n<meta property=\"og:image\" content=\"https:\/\/porvoojazzfestival.com\/wp-content\/uploads\/2022\/06\/Linda-Fredriksson-Juniper_1-photo-BWIiris-Heikka-illustration-Sanna-Hellikki-Turunen-kopio.jpg\" \/>\n\t<meta property=\"og:image:width\" content=\"2000\" \/>\n\t<meta property=\"og:image:height\" content=\"1592\" \/>\n\t<meta property=\"og:image:type\" content=\"image\/jpeg\" \/>\n<meta name=\"author\" content=\"Ulpu Hozjajenok\" \/>\n<meta name=\"twitter:card\" content=\"summary_large_image\" \/>\n<meta name=\"twitter:creator\" content=\"@porvoojazzfest\" \/>\n<meta name=\"twitter:site\" content=\"@porvoojazzfest\" \/>\n<meta name=\"twitter:label1\" content=\"Skriven av\" \/>\n\t<meta name=\"twitter:data1\" content=\"Ulpu Hozjajenok\" \/>\n\t<meta name=\"twitter:label2\" content=\"Ber\u00e4knad l\u00e4stid\" \/>\n\t<meta name=\"twitter:data2\" content=\"1 minut\" \/>\n<script type=\"application\/ld+json\" class=\"yoast-schema-graph\">{\"@context\":\"https:\\\/\\\/schema.org\",\"@graph\":[{\"@type\":\"Article\",\"@id\":\"https:\\\/\\\/porvoojazzfestival.com\\\/sv\\\/10-arsjubileumskonsert-linda-fredriksson-juniper\\\/#article\",\"isPartOf\":{\"@id\":\"https:\\\/\\\/porvoojazzfestival.com\\\/sv\\\/10-arsjubileumskonsert-linda-fredriksson-juniper\\\/\"},\"author\":{\"name\":\"Ulpu Hozjajenok\",\"@id\":\"https:\\\/\\\/porvoojazzfestival.com\\\/sv\\\/#\\\/schema\\\/person\\\/a27a2522702a72037c4d46d70807e79c\"},\"headline\":\"10-\u00c5RSJUBILEUMSKONSERT: LINDA FREDRIKSSON JUNIPER\",\"datePublished\":\"2022-06-21T13:40:48+00:00\",\"dateModified\":\"2022-08-25T14:00:52+00:00\",\"mainEntityOfPage\":{\"@id\":\"https:\\\/\\\/porvoojazzfestival.com\\\/sv\\\/10-arsjubileumskonsert-linda-fredriksson-juniper\\\/\"},\"wordCount\":235,\"publisher\":{\"@id\":\"https:\\\/\\\/porvoojazzfestival.com\\\/sv\\\/#organization\"},\"image\":{\"@id\":\"https:\\\/\\\/porvoojazzfestival.com\\\/sv\\\/10-arsjubileumskonsert-linda-fredriksson-juniper\\\/#primaryimage\"},\"thumbnailUrl\":\"https:\\\/\\\/porvoojazzfestival.com\\\/wp-content\\\/uploads\\\/2022\\\/06\\\/Linda-Fredriksson-Juniper_1-photo-BWIiris-Heikka-illustration-Sanna-Hellikki-Turunen-kopio.jpg\",\"articleSection\":[\"Artist\"],\"inLanguage\":\"sv-SE\"},{\"@type\":\"WebPage\",\"@id\":\"https:\\\/\\\/porvoojazzfestival.com\\\/sv\\\/10-arsjubileumskonsert-linda-fredriksson-juniper\\\/\",\"url\":\"https:\\\/\\\/porvoojazzfestival.com\\\/sv\\\/10-arsjubileumskonsert-linda-fredriksson-juniper\\\/\",\"name\":\"10-\u00c5RSJUBILEUMSKONSERT: LINDA FREDRIKSSON JUNIPER - Porvoo Jazz Festival\",\"isPartOf\":{\"@id\":\"https:\\\/\\\/porvoojazzfestival.com\\\/sv\\\/#website\"},\"primaryImageOfPage\":{\"@id\":\"https:\\\/\\\/porvoojazzfestival.com\\\/sv\\\/10-arsjubileumskonsert-linda-fredriksson-juniper\\\/#primaryimage\"},\"image\":{\"@id\":\"https:\\\/\\\/porvoojazzfestival.com\\\/sv\\\/10-arsjubileumskonsert-linda-fredriksson-juniper\\\/#primaryimage\"},\"thumbnailUrl\":\"https:\\\/\\\/porvoojazzfestival.com\\\/wp-content\\\/uploads\\\/2022\\\/06\\\/Linda-Fredriksson-Juniper_1-photo-BWIiris-Heikka-illustration-Sanna-Hellikki-Turunen-kopio.jpg\",\"datePublished\":\"2022-06-21T13:40:48+00:00\",\"dateModified\":\"2022-08-25T14:00:52+00:00\",\"breadcrumb\":{\"@id\":\"https:\\\/\\\/porvoojazzfestival.com\\\/sv\\\/10-arsjubileumskonsert-linda-fredriksson-juniper\\\/#breadcrumb\"},\"inLanguage\":\"sv-SE\",\"potentialAction\":[{\"@type\":\"ReadAction\",\"target\":[\"https:\\\/\\\/porvoojazzfestival.com\\\/sv\\\/10-arsjubileumskonsert-linda-fredriksson-juniper\\\/\"]}]},{\"@type\":\"ImageObject\",\"inLanguage\":\"sv-SE\",\"@id\":\"https:\\\/\\\/porvoojazzfestival.com\\\/sv\\\/10-arsjubileumskonsert-linda-fredriksson-juniper\\\/#primaryimage\",\"url\":\"https:\\\/\\\/porvoojazzfestival.com\\\/wp-content\\\/uploads\\\/2022\\\/06\\\/Linda-Fredriksson-Juniper_1-photo-BWIiris-Heikka-illustration-Sanna-Hellikki-Turunen-kopio.jpg\",\"contentUrl\":\"https:\\\/\\\/porvoojazzfestival.com\\\/wp-content\\\/uploads\\\/2022\\\/06\\\/Linda-Fredriksson-Juniper_1-photo-BWIiris-Heikka-illustration-Sanna-Hellikki-Turunen-kopio.jpg\",\"width\":2000,\"height\":1592,\"caption\":\"{\\\"total_effects_actions\\\":0,\\\"total_draw_time\\\":0,\\\"layers_used\\\":0,\\\"effects_tried\\\":0,\\\"total_draw_actions\\\":0,\\\"total_editor_actions\\\":{\\\"border\\\":0,\\\"frame\\\":0,\\\"mask\\\":0,\\\"lensflare\\\":0,\\\"clipart\\\":0,\\\"text\\\":0,\\\"square_fit\\\":0,\\\"shape_mask\\\":0,\\\"callout\\\":0},\\\"effects_applied\\\":0,\\\"uid\\\":\\\"6BBCAF24-5D36-4B09-9B76-D2581A470537_1561559176371\\\",\\\"width\\\":3883,\\\"photos_added\\\":0,\\\"total_effects_time\\\":0,\\\"tools_used\\\":{\\\"tilt_shift\\\":0,\\\"resize\\\":0,\\\"adjust\\\":0,\\\"curves\\\":0,\\\"motion\\\":0,\\\"perspective\\\":0,\\\"clone\\\":0,\\\"crop\\\":0,\\\"enhance\\\":0,\\\"selection\\\":0,\\\"free_crop\\\":0,\\\"flip_rotate\\\":0,\\\"shape_crop\\\":0,\\\"stretch\\\":0},\\\"origin\\\":\\\"gallery\\\",\\\"height\\\":3090,\\\"subsource\\\":\\\"done_button\\\",\\\"total_editor_time\\\":47,\\\"brushes_used\\\":0}\"},{\"@type\":\"BreadcrumbList\",\"@id\":\"https:\\\/\\\/porvoojazzfestival.com\\\/sv\\\/10-arsjubileumskonsert-linda-fredriksson-juniper\\\/#breadcrumb\",\"itemListElement\":[{\"@type\":\"ListItem\",\"position\":1,\"name\":\"Home\",\"item\":\"https:\\\/\\\/porvoojazzfestival.com\\\/sv\\\/\"},{\"@type\":\"ListItem\",\"position\":2,\"name\":\"10-\u00c5RSJUBILEUMSKONSERT: LINDA FREDRIKSSON JUNIPER\"}]},{\"@type\":\"WebSite\",\"@id\":\"https:\\\/\\\/porvoojazzfestival.com\\\/sv\\\/#website\",\"url\":\"https:\\\/\\\/porvoojazzfestival.com\\\/sv\\\/\",\"name\":\"Porvoo Jazz Festival\",\"description\":\"The Cosy Jazz Fest\",\"publisher\":{\"@id\":\"https:\\\/\\\/porvoojazzfestival.com\\\/sv\\\/#organization\"},\"potentialAction\":[{\"@type\":\"SearchAction\",\"target\":{\"@type\":\"EntryPoint\",\"urlTemplate\":\"https:\\\/\\\/porvoojazzfestival.com\\\/sv\\\/?s={search_term_string}\"},\"query-input\":{\"@type\":\"PropertyValueSpecification\",\"valueRequired\":true,\"valueName\":\"search_term_string\"}}],\"inLanguage\":\"sv-SE\"},{\"@type\":\"Organization\",\"@id\":\"https:\\\/\\\/porvoojazzfestival.com\\\/sv\\\/#organization\",\"name\":\"Porvoo Jazz Festival\",\"url\":\"https:\\\/\\\/porvoojazzfestival.com\\\/sv\\\/\",\"logo\":{\"@type\":\"ImageObject\",\"inLanguage\":\"sv-SE\",\"@id\":\"https:\\\/\\\/porvoojazzfestival.com\\\/sv\\\/#\\\/schema\\\/logo\\\/image\\\/\",\"url\":\"https:\\\/\\\/porvoojazzfestival.com\\\/wp-content\\\/uploads\\\/2025\\\/01\\\/cropped-Porvoo-Jazz-Festival-Favicon.png\",\"contentUrl\":\"https:\\\/\\\/porvoojazzfestival.com\\\/wp-content\\\/uploads\\\/2025\\\/01\\\/cropped-Porvoo-Jazz-Festival-Favicon.png\",\"width\":512,\"height\":512,\"caption\":\"Porvoo Jazz Festival\"},\"image\":{\"@id\":\"https:\\\/\\\/porvoojazzfestival.com\\\/sv\\\/#\\\/schema\\\/logo\\\/image\\\/\"},\"sameAs\":[\"https:\\\/\\\/www.facebook.com\\\/PorvooJazzFestival\\\/\",\"https:\\\/\\\/x.com\\\/porvoojazzfest\"]},{\"@type\":\"Person\",\"@id\":\"https:\\\/\\\/porvoojazzfestival.com\\\/sv\\\/#\\\/schema\\\/person\\\/a27a2522702a72037c4d46d70807e79c\",\"name\":\"Ulpu Hozjajenok\",\"image\":{\"@type\":\"ImageObject\",\"inLanguage\":\"sv-SE\",\"@id\":\"https:\\\/\\\/secure.gravatar.com\\\/avatar\\\/4eab8813ebc7881b9cf0e932655e45fb1b448b7c5d59d9330c799d4c33d06543?s=96&d=mm&r=g\",\"url\":\"https:\\\/\\\/secure.gravatar.com\\\/avatar\\\/4eab8813ebc7881b9cf0e932655e45fb1b448b7c5d59d9330c799d4c33d06543?s=96&d=mm&r=g\",\"contentUrl\":\"https:\\\/\\\/secure.gravatar.com\\\/avatar\\\/4eab8813ebc7881b9cf0e932655e45fb1b448b7c5d59d9330c799d4c33d06543?s=96&d=mm&r=g\",\"caption\":\"Ulpu Hozjajenok\"},\"url\":\"https:\\\/\\\/porvoojazzfestival.com\\\/sv\\\/author\\\/ulpu\\\/\"}]}<\/script>\n<!-- \/ Yoast SEO plugin. -->","yoast_head_json":{"title":"10-\u00c5RSJUBILEUMSKONSERT: LINDA FREDRIKSSON JUNIPER - Porvoo Jazz Festival","robots":{"index":"index","follow":"follow","max-snippet":"max-snippet:-1","max-image-preview":"max-image-preview:large","max-video-preview":"max-video-preview:-1"},"canonical":"https:\/\/porvoojazzfestival.com\/sv\/10-arsjubileumskonsert-linda-fredriksson-juniper\/","og_locale":"sv_SE","og_type":"article","og_title":"10-\u00c5RSJUBILEUMSKONSERT: LINDA FREDRIKSSON JUNIPER - Porvoo Jazz Festival","og_description":"[et_pb_section admin_label=&#8221;section&#8221;] [et_pb_row admin_label=&#8221;row&#8221;] [et_pb_column type=&#8221;4_4&#8243;][et_pb_text admin_label=&#8221;Text&#8221;] \u00c4lskade Porvoo Jazz Festival fyller j\u00e4mnt, och det vill vi fira tillsammans med b\u00e4sta t\u00e4nkbara musik och publik. V\u00e5r 10-\u00e5rsjubileumskonsert ordnas p\u00e5 en ny plats vid Borg\u00e5s gamla j\u00e4rnv\u00e4gsstation. P\u00e5 Tornstallets scen stiger en saxofonist, som med fog kan kallas f\u00f6r en av de mest lyskraftiga jazzmusikerna f\u00f6r [&hellip;]","og_url":"https:\/\/porvoojazzfestival.com\/sv\/10-arsjubileumskonsert-linda-fredriksson-juniper\/","og_site_name":"Porvoo Jazz Festival","article_publisher":"https:\/\/www.facebook.com\/PorvooJazzFestival\/","article_published_time":"2022-06-21T13:40:48+00:00","article_modified_time":"2022-08-25T14:00:52+00:00","og_image":[{"width":2000,"height":1592,"url":"https:\/\/porvoojazzfestival.com\/wp-content\/uploads\/2022\/06\/Linda-Fredriksson-Juniper_1-photo-BWIiris-Heikka-illustration-Sanna-Hellikki-Turunen-kopio.jpg","type":"image\/jpeg"}],"author":"Ulpu Hozjajenok","twitter_card":"summary_large_image","twitter_creator":"@porvoojazzfest","twitter_site":"@porvoojazzfest","twitter_misc":{"Skriven av":"Ulpu Hozjajenok","Ber\u00e4knad l\u00e4stid":"1 minut"},"schema":{"@context":"https:\/\/schema.org","@graph":[{"@type":"Article","@id":"https:\/\/porvoojazzfestival.com\/sv\/10-arsjubileumskonsert-linda-fredriksson-juniper\/#article","isPartOf":{"@id":"https:\/\/porvoojazzfestival.com\/sv\/10-arsjubileumskonsert-linda-fredriksson-juniper\/"},"author":{"name":"Ulpu Hozjajenok","@id":"https:\/\/porvoojazzfestival.com\/sv\/#\/schema\/person\/a27a2522702a72037c4d46d70807e79c"},"headline":"10-\u00c5RSJUBILEUMSKONSERT: LINDA FREDRIKSSON JUNIPER","datePublished":"2022-06-21T13:40:48+00:00","dateModified":"2022-08-25T14:00:52+00:00","mainEntityOfPage":{"@id":"https:\/\/porvoojazzfestival.com\/sv\/10-arsjubileumskonsert-linda-fredriksson-juniper\/"},"wordCount":235,"publisher":{"@id":"https:\/\/porvoojazzfestival.com\/sv\/#organization"},"image":{"@id":"https:\/\/porvoojazzfestival.com\/sv\/10-arsjubileumskonsert-linda-fredriksson-juniper\/#primaryimage"},"thumbnailUrl":"https:\/\/porvoojazzfestival.com\/wp-content\/uploads\/2022\/06\/Linda-Fredriksson-Juniper_1-photo-BWIiris-Heikka-illustration-Sanna-Hellikki-Turunen-kopio.jpg","articleSection":["Artist"],"inLanguage":"sv-SE"},{"@type":"WebPage","@id":"https:\/\/porvoojazzfestival.com\/sv\/10-arsjubileumskonsert-linda-fredriksson-juniper\/","url":"https:\/\/porvoojazzfestival.com\/sv\/10-arsjubileumskonsert-linda-fredriksson-juniper\/","name":"10-\u00c5RSJUBILEUMSKONSERT: LINDA FREDRIKSSON JUNIPER - Porvoo Jazz Festival","isPartOf":{"@id":"https:\/\/porvoojazzfestival.com\/sv\/#website"},"primaryImageOfPage":{"@id":"https:\/\/porvoojazzfestival.com\/sv\/10-arsjubileumskonsert-linda-fredriksson-juniper\/#primaryimage"},"image":{"@id":"https:\/\/porvoojazzfestival.com\/sv\/10-arsjubileumskonsert-linda-fredriksson-juniper\/#primaryimage"},"thumbnailUrl":"https:\/\/porvoojazzfestival.com\/wp-content\/uploads\/2022\/06\/Linda-Fredriksson-Juniper_1-photo-BWIiris-Heikka-illustration-Sanna-Hellikki-Turunen-kopio.jpg","datePublished":"2022-06-21T13:40:48+00:00","dateModified":"2022-08-25T14:00:52+00:00","breadcrumb":{"@id":"https:\/\/porvoojazzfestival.com\/sv\/10-arsjubileumskonsert-linda-fredriksson-juniper\/#breadcrumb"},"inLanguage":"sv-SE","potentialAction":[{"@type":"ReadAction","target":["https:\/\/porvoojazzfestival.com\/sv\/10-arsjubileumskonsert-linda-fredriksson-juniper\/"]}]},{"@type":"ImageObject","inLanguage":"sv-SE","@id":"https:\/\/porvoojazzfestival.com\/sv\/10-arsjubileumskonsert-linda-fredriksson-juniper\/#primaryimage","url":"https:\/\/porvoojazzfestival.com\/wp-content\/uploads\/2022\/06\/Linda-Fredriksson-Juniper_1-photo-BWIiris-Heikka-illustration-Sanna-Hellikki-Turunen-kopio.jpg","contentUrl":"https:\/\/porvoojazzfestival.com\/wp-content\/uploads\/2022\/06\/Linda-Fredriksson-Juniper_1-photo-BWIiris-Heikka-illustration-Sanna-Hellikki-Turunen-kopio.jpg","width":2000,"height":1592,"caption":"{\"total_effects_actions\":0,\"total_draw_time\":0,\"layers_used\":0,\"effects_tried\":0,\"total_draw_actions\":0,\"total_editor_actions\":{\"border\":0,\"frame\":0,\"mask\":0,\"lensflare\":0,\"clipart\":0,\"text\":0,\"square_fit\":0,\"shape_mask\":0,\"callout\":0},\"effects_applied\":0,\"uid\":\"6BBCAF24-5D36-4B09-9B76-D2581A470537_1561559176371\",\"width\":3883,\"photos_added\":0,\"total_effects_time\":0,\"tools_used\":{\"tilt_shift\":0,\"resize\":0,\"adjust\":0,\"curves\":0,\"motion\":0,\"perspective\":0,\"clone\":0,\"crop\":0,\"enhance\":0,\"selection\":0,\"free_crop\":0,\"flip_rotate\":0,\"shape_crop\":0,\"stretch\":0},\"origin\":\"gallery\",\"height\":3090,\"subsource\":\"done_button\",\"total_editor_time\":47,\"brushes_used\":0}"},{"@type":"BreadcrumbList","@id":"https:\/\/porvoojazzfestival.com\/sv\/10-arsjubileumskonsert-linda-fredriksson-juniper\/#breadcrumb","itemListElement":[{"@type":"ListItem","position":1,"name":"Home","item":"https:\/\/porvoojazzfestival.com\/sv\/"},{"@type":"ListItem","position":2,"name":"10-\u00c5RSJUBILEUMSKONSERT: LINDA FREDRIKSSON JUNIPER"}]},{"@type":"WebSite","@id":"https:\/\/porvoojazzfestival.com\/sv\/#website","url":"https:\/\/porvoojazzfestival.com\/sv\/","name":"Porvoo Jazz Festival","description":"The Cosy Jazz Fest","publisher":{"@id":"https:\/\/porvoojazzfestival.com\/sv\/#organization"},"potentialAction":[{"@type":"SearchAction","target":{"@type":"EntryPoint","urlTemplate":"https:\/\/porvoojazzfestival.com\/sv\/?s={search_term_string}"},"query-input":{"@type":"PropertyValueSpecification","valueRequired":true,"valueName":"search_term_string"}}],"inLanguage":"sv-SE"},{"@type":"Organization","@id":"https:\/\/porvoojazzfestival.com\/sv\/#organization","name":"Porvoo Jazz Festival","url":"https:\/\/porvoojazzfestival.com\/sv\/","logo":{"@type":"ImageObject","inLanguage":"sv-SE","@id":"https:\/\/porvoojazzfestival.com\/sv\/#\/schema\/logo\/image\/","url":"https:\/\/porvoojazzfestival.com\/wp-content\/uploads\/2025\/01\/cropped-Porvoo-Jazz-Festival-Favicon.png","contentUrl":"https:\/\/porvoojazzfestival.com\/wp-content\/uploads\/2025\/01\/cropped-Porvoo-Jazz-Festival-Favicon.png","width":512,"height":512,"caption":"Porvoo Jazz Festival"},"image":{"@id":"https:\/\/porvoojazzfestival.com\/sv\/#\/schema\/logo\/image\/"},"sameAs":["https:\/\/www.facebook.com\/PorvooJazzFestival\/","https:\/\/x.com\/porvoojazzfest"]},{"@type":"Person","@id":"https:\/\/porvoojazzfestival.com\/sv\/#\/schema\/person\/a27a2522702a72037c4d46d70807e79c","name":"Ulpu Hozjajenok","image":{"@type":"ImageObject","inLanguage":"sv-SE","@id":"https:\/\/secure.gravatar.com\/avatar\/4eab8813ebc7881b9cf0e932655e45fb1b448b7c5d59d9330c799d4c33d06543?s=96&d=mm&r=g","url":"https:\/\/secure.gravatar.com\/avatar\/4eab8813ebc7881b9cf0e932655e45fb1b448b7c5d59d9330c799d4c33d06543?s=96&d=mm&r=g","contentUrl":"https:\/\/secure.gravatar.com\/avatar\/4eab8813ebc7881b9cf0e932655e45fb1b448b7c5d59d9330c799d4c33d06543?s=96&d=mm&r=g","caption":"Ulpu Hozjajenok"},"url":"https:\/\/porvoojazzfestival.com\/sv\/author\/ulpu\/"}]}},"_links":{"self":[{"href":"https:\/\/porvoojazzfestival.com\/sv\/wp-json\/wp\/v2\/posts\/7484","targetHints":{"allow":["GET"]}}],"collection":[{"href":"https:\/\/porvoojazzfestival.com\/sv\/wp-json\/wp\/v2\/posts"}],"about":[{"href":"https:\/\/porvoojazzfestival.com\/sv\/wp-json\/wp\/v2\/types\/post"}],"author":[{"embeddable":true,"href":"https:\/\/porvoojazzfestival.com\/sv\/wp-json\/wp\/v2\/users\/7"}],"replies":[{"embeddable":true,"href":"https:\/\/porvoojazzfestival.com\/sv\/wp-json\/wp\/v2\/comments?post=7484"}],"version-history":[{"count":0,"href":"https:\/\/porvoojazzfestival.com\/sv\/wp-json\/wp\/v2\/posts\/7484\/revisions"}],"wp:featuredmedia":[{"embeddable":true,"href":"https:\/\/porvoojazzfestival.com\/sv\/wp-json\/wp\/v2\/media\/7184"}],"wp:attachment":[{"href":"https:\/\/porvoojazzfestival.com\/sv\/wp-json\/wp\/v2\/media?parent=7484"}],"wp:term":[{"taxonomy":"category","embeddable":true,"href":"https:\/\/porvoojazzfestival.com\/sv\/wp-json\/wp\/v2\/categories?post=7484"},{"taxonomy":"post_tag","embeddable":true,"href":"https:\/\/porvoojazzfestival.com\/sv\/wp-json\/wp\/v2\/tags?post=7484"}],"curies":[{"name":"wp","href":"https:\/\/api.w.org\/{rel}","templated":true}]}}