{"id":12775,"date":"2025-10-23T14:05:43","date_gmt":"2025-10-23T11:05:43","guid":{"rendered":"https:\/\/porvoojazzfestival.com\/porvoo-jazz-club-heta-halonen-riitta-paakki\/"},"modified":"2025-10-23T14:05:44","modified_gmt":"2025-10-23T11:05:44","slug":"porvoo-jazz-club-heta-halonen-riitta-paakki","status":"publish","type":"post","link":"https:\/\/porvoojazzfestival.com\/sv\/porvoo-jazz-club-heta-halonen-riitta-paakki\/","title":{"rendered":"Porvoo Jazz Club: Heta Halonen &amp; Riitta Paakki"},"content":{"rendered":"\n<p>Heta Halonen &amp; Riitta Paakki -duo kombinerar tv\u00e5 starka och k\u00e4nsliga r\u00f6ster inom finsk jazz till en unik enhet. En intim och st\u00e4mningsfull konsertupplevelse d\u00e4r jazzstandards, finska hits och ensemblens egna kompositioner och texter f\u00e5r nya dimensioner. <br\/><br\/>S\u00e5ngerskan, sk\u00e5despelerskan och l\u00e5tskrivaren Heta Halonen, 2022 \u00e5rs tangodrottning, \u00e4r k\u00e4nd f\u00f6r sin m\u00e5ngsidiga tolkningsf\u00f6rm\u00e5ga och karismatiska scenn\u00e4rvaro. Hennes r\u00f6st anpassar sig utan anstr\u00e4ngning till jazzens, tangons och musikalernas v\u00e4rld. <br\/><br\/>Pianisten Riitta Paakki \u00e4r en hyllad jazzmusiker, komposit\u00f6r och bandledare, som bland annat har tilldelats Finnish Jazz Unions Yrj\u00f6-pris 2019. Hennes spel kombinerar k\u00e4nslighet och sv\u00e4ngig rytm, vilket skapar ett djupt, uttrycksfullt och interaktivt par f\u00f6r Halonens s\u00e5ng. <\/p>\n\n<p>Delikatesser och drycker fr\u00e5n det trevliga Aatos Cafe &#8211; v\u00e4lkomna!  <\/p>\n","protected":false},"excerpt":{"rendered":"<p>Heta Halonen &amp; Riitta Paakki -duo kombinerar tv\u00e5 starka och k\u00e4nsliga r\u00f6ster inom finsk jazz till en unik enhet. En intim och st\u00e4mningsfull konsertupplevelse d\u00e4r jazzstandards, finska hits och ensemblens egna kompositioner och texter f\u00e5r nya dimensioner. S\u00e5ngerskan, sk\u00e5despelerskan och l\u00e5tskrivaren Heta Halonen, 2022 \u00e5rs tangodrottning, \u00e4r k\u00e4nd f\u00f6r sin m\u00e5ngsidiga tolkningsf\u00f6rm\u00e5ga och karismatiska scenn\u00e4rvaro. [&hellip;]<\/p>\n","protected":false},"author":7,"featured_media":12757,"comment_status":"closed","ping_status":"closed","sticky":false,"template":"","format":"standard","meta":{"_acf_changed":false,"_et_pb_use_builder":"off","_et_pb_old_content":"","_et_gb_content_width":"","footnotes":""},"categories":[83],"tags":[],"class_list":["post-12775","post","type-post","status-publish","format-standard","has-post-thumbnail","hentry","category-artistit-2025-sv"],"acf":[],"yoast_head":"<!-- This site is optimized with the Yoast SEO plugin v27.4 - https:\/\/yoast.com\/product\/yoast-seo-wordpress\/ -->\n<title>Porvoo Jazz Club: Heta Halonen &amp; Riitta Paakki - Porvoo Jazz Festival<\/title>\n<meta name=\"robots\" content=\"index, follow, max-snippet:-1, max-image-preview:large, max-video-preview:-1\" \/>\n<link rel=\"canonical\" href=\"https:\/\/porvoojazzfestival.com\/sv\/porvoo-jazz-club-heta-halonen-riitta-paakki\/\" \/>\n<meta property=\"og:locale\" content=\"sv_SE\" \/>\n<meta property=\"og:type\" content=\"article\" \/>\n<meta property=\"og:title\" content=\"Porvoo Jazz Club: Heta Halonen &amp; Riitta Paakki - Porvoo Jazz Festival\" \/>\n<meta property=\"og:description\" content=\"Heta Halonen &amp; Riitta Paakki -duo kombinerar tv\u00e5 starka och k\u00e4nsliga r\u00f6ster inom finsk jazz till en unik enhet. En intim och st\u00e4mningsfull konsertupplevelse d\u00e4r jazzstandards, finska hits och ensemblens egna kompositioner och texter f\u00e5r nya dimensioner. S\u00e5ngerskan, sk\u00e5despelerskan och l\u00e5tskrivaren Heta Halonen, 2022 \u00e5rs tangodrottning, \u00e4r k\u00e4nd f\u00f6r sin m\u00e5ngsidiga tolkningsf\u00f6rm\u00e5ga och karismatiska scenn\u00e4rvaro. [&hellip;]\" \/>\n<meta property=\"og:url\" content=\"https:\/\/porvoojazzfestival.com\/sv\/porvoo-jazz-club-heta-halonen-riitta-paakki\/\" \/>\n<meta property=\"og:site_name\" content=\"Porvoo Jazz Festival\" \/>\n<meta property=\"article:publisher\" content=\"https:\/\/www.facebook.com\/PorvooJazzFestival\/\" \/>\n<meta property=\"article:published_time\" content=\"2025-10-23T11:05:43+00:00\" \/>\n<meta property=\"article:modified_time\" content=\"2025-10-23T11:05:44+00:00\" \/>\n<meta property=\"og:image\" content=\"https:\/\/porvoojazzfestival.com\/wp-content\/uploads\/2025\/10\/Riitta-ja-Heta-1024x576.png\" \/>\n\t<meta property=\"og:image:width\" content=\"1024\" \/>\n\t<meta property=\"og:image:height\" content=\"576\" \/>\n\t<meta property=\"og:image:type\" content=\"image\/png\" \/>\n<meta name=\"author\" content=\"Ulpu Hozjajenok\" \/>\n<meta name=\"twitter:card\" content=\"summary_large_image\" \/>\n<meta name=\"twitter:creator\" content=\"@porvoojazzfest\" \/>\n<meta name=\"twitter:site\" content=\"@porvoojazzfest\" \/>\n<meta name=\"twitter:label1\" content=\"Skriven av\" \/>\n\t<meta name=\"twitter:data1\" content=\"Ulpu Hozjajenok\" \/>\n\t<meta name=\"twitter:label2\" content=\"Ber\u00e4knad l\u00e4stid\" \/>\n\t<meta name=\"twitter:data2\" content=\"1 minut\" \/>\n<script type=\"application\/ld+json\" class=\"yoast-schema-graph\">{\"@context\":\"https:\\\/\\\/schema.org\",\"@graph\":[{\"@type\":\"Article\",\"@id\":\"https:\\\/\\\/porvoojazzfestival.com\\\/sv\\\/porvoo-jazz-club-heta-halonen-riitta-paakki\\\/#article\",\"isPartOf\":{\"@id\":\"https:\\\/\\\/porvoojazzfestival.com\\\/sv\\\/porvoo-jazz-club-heta-halonen-riitta-paakki\\\/\"},\"author\":{\"name\":\"Ulpu Hozjajenok\",\"@id\":\"https:\\\/\\\/porvoojazzfestival.com\\\/sv\\\/#\\\/schema\\\/person\\\/a27a2522702a72037c4d46d70807e79c\"},\"headline\":\"Porvoo Jazz Club: Heta Halonen &amp; Riitta Paakki\",\"datePublished\":\"2025-10-23T11:05:43+00:00\",\"dateModified\":\"2025-10-23T11:05:44+00:00\",\"mainEntityOfPage\":{\"@id\":\"https:\\\/\\\/porvoojazzfestival.com\\\/sv\\\/porvoo-jazz-club-heta-halonen-riitta-paakki\\\/\"},\"wordCount\":146,\"publisher\":{\"@id\":\"https:\\\/\\\/porvoojazzfestival.com\\\/sv\\\/#organization\"},\"image\":{\"@id\":\"https:\\\/\\\/porvoojazzfestival.com\\\/sv\\\/porvoo-jazz-club-heta-halonen-riitta-paakki\\\/#primaryimage\"},\"thumbnailUrl\":\"https:\\\/\\\/porvoojazzfestival.com\\\/wp-content\\\/uploads\\\/2025\\\/10\\\/Riitta-ja-Heta.png\",\"articleSection\":[\"Artistit 2025\"],\"inLanguage\":\"sv-SE\"},{\"@type\":\"WebPage\",\"@id\":\"https:\\\/\\\/porvoojazzfestival.com\\\/sv\\\/porvoo-jazz-club-heta-halonen-riitta-paakki\\\/\",\"url\":\"https:\\\/\\\/porvoojazzfestival.com\\\/sv\\\/porvoo-jazz-club-heta-halonen-riitta-paakki\\\/\",\"name\":\"Porvoo Jazz Club: Heta Halonen &amp; Riitta Paakki - Porvoo Jazz Festival\",\"isPartOf\":{\"@id\":\"https:\\\/\\\/porvoojazzfestival.com\\\/sv\\\/#website\"},\"primaryImageOfPage\":{\"@id\":\"https:\\\/\\\/porvoojazzfestival.com\\\/sv\\\/porvoo-jazz-club-heta-halonen-riitta-paakki\\\/#primaryimage\"},\"image\":{\"@id\":\"https:\\\/\\\/porvoojazzfestival.com\\\/sv\\\/porvoo-jazz-club-heta-halonen-riitta-paakki\\\/#primaryimage\"},\"thumbnailUrl\":\"https:\\\/\\\/porvoojazzfestival.com\\\/wp-content\\\/uploads\\\/2025\\\/10\\\/Riitta-ja-Heta.png\",\"datePublished\":\"2025-10-23T11:05:43+00:00\",\"dateModified\":\"2025-10-23T11:05:44+00:00\",\"breadcrumb\":{\"@id\":\"https:\\\/\\\/porvoojazzfestival.com\\\/sv\\\/porvoo-jazz-club-heta-halonen-riitta-paakki\\\/#breadcrumb\"},\"inLanguage\":\"sv-SE\",\"potentialAction\":[{\"@type\":\"ReadAction\",\"target\":[\"https:\\\/\\\/porvoojazzfestival.com\\\/sv\\\/porvoo-jazz-club-heta-halonen-riitta-paakki\\\/\"]}]},{\"@type\":\"ImageObject\",\"inLanguage\":\"sv-SE\",\"@id\":\"https:\\\/\\\/porvoojazzfestival.com\\\/sv\\\/porvoo-jazz-club-heta-halonen-riitta-paakki\\\/#primaryimage\",\"url\":\"https:\\\/\\\/porvoojazzfestival.com\\\/wp-content\\\/uploads\\\/2025\\\/10\\\/Riitta-ja-Heta.png\",\"contentUrl\":\"https:\\\/\\\/porvoojazzfestival.com\\\/wp-content\\\/uploads\\\/2025\\\/10\\\/Riitta-ja-Heta.png\",\"width\":1920,\"height\":1080},{\"@type\":\"BreadcrumbList\",\"@id\":\"https:\\\/\\\/porvoojazzfestival.com\\\/sv\\\/porvoo-jazz-club-heta-halonen-riitta-paakki\\\/#breadcrumb\",\"itemListElement\":[{\"@type\":\"ListItem\",\"position\":1,\"name\":\"Home\",\"item\":\"https:\\\/\\\/porvoojazzfestival.com\\\/sv\\\/\"},{\"@type\":\"ListItem\",\"position\":2,\"name\":\"Porvoo Jazz Club: Heta Halonen &amp; Riitta Paakki\"}]},{\"@type\":\"WebSite\",\"@id\":\"https:\\\/\\\/porvoojazzfestival.com\\\/sv\\\/#website\",\"url\":\"https:\\\/\\\/porvoojazzfestival.com\\\/sv\\\/\",\"name\":\"Porvoo Jazz Festival\",\"description\":\"The Cosy Jazz Fest\",\"publisher\":{\"@id\":\"https:\\\/\\\/porvoojazzfestival.com\\\/sv\\\/#organization\"},\"potentialAction\":[{\"@type\":\"SearchAction\",\"target\":{\"@type\":\"EntryPoint\",\"urlTemplate\":\"https:\\\/\\\/porvoojazzfestival.com\\\/sv\\\/?s={search_term_string}\"},\"query-input\":{\"@type\":\"PropertyValueSpecification\",\"valueRequired\":true,\"valueName\":\"search_term_string\"}}],\"inLanguage\":\"sv-SE\"},{\"@type\":\"Organization\",\"@id\":\"https:\\\/\\\/porvoojazzfestival.com\\\/sv\\\/#organization\",\"name\":\"Porvoo Jazz Festival\",\"url\":\"https:\\\/\\\/porvoojazzfestival.com\\\/sv\\\/\",\"logo\":{\"@type\":\"ImageObject\",\"inLanguage\":\"sv-SE\",\"@id\":\"https:\\\/\\\/porvoojazzfestival.com\\\/sv\\\/#\\\/schema\\\/logo\\\/image\\\/\",\"url\":\"https:\\\/\\\/porvoojazzfestival.com\\\/wp-content\\\/uploads\\\/2025\\\/01\\\/cropped-Porvoo-Jazz-Festival-Favicon.png\",\"contentUrl\":\"https:\\\/\\\/porvoojazzfestival.com\\\/wp-content\\\/uploads\\\/2025\\\/01\\\/cropped-Porvoo-Jazz-Festival-Favicon.png\",\"width\":512,\"height\":512,\"caption\":\"Porvoo Jazz Festival\"},\"image\":{\"@id\":\"https:\\\/\\\/porvoojazzfestival.com\\\/sv\\\/#\\\/schema\\\/logo\\\/image\\\/\"},\"sameAs\":[\"https:\\\/\\\/www.facebook.com\\\/PorvooJazzFestival\\\/\",\"https:\\\/\\\/x.com\\\/porvoojazzfest\"]},{\"@type\":\"Person\",\"@id\":\"https:\\\/\\\/porvoojazzfestival.com\\\/sv\\\/#\\\/schema\\\/person\\\/a27a2522702a72037c4d46d70807e79c\",\"name\":\"Ulpu Hozjajenok\",\"image\":{\"@type\":\"ImageObject\",\"inLanguage\":\"sv-SE\",\"@id\":\"https:\\\/\\\/secure.gravatar.com\\\/avatar\\\/4eab8813ebc7881b9cf0e932655e45fb1b448b7c5d59d9330c799d4c33d06543?s=96&d=mm&r=g\",\"url\":\"https:\\\/\\\/secure.gravatar.com\\\/avatar\\\/4eab8813ebc7881b9cf0e932655e45fb1b448b7c5d59d9330c799d4c33d06543?s=96&d=mm&r=g\",\"contentUrl\":\"https:\\\/\\\/secure.gravatar.com\\\/avatar\\\/4eab8813ebc7881b9cf0e932655e45fb1b448b7c5d59d9330c799d4c33d06543?s=96&d=mm&r=g\",\"caption\":\"Ulpu Hozjajenok\"},\"url\":\"https:\\\/\\\/porvoojazzfestival.com\\\/sv\\\/author\\\/ulpu\\\/\"}]}<\/script>\n<!-- \/ Yoast SEO plugin. -->","yoast_head_json":{"title":"Porvoo Jazz Club: Heta Halonen &amp; Riitta Paakki - Porvoo Jazz Festival","robots":{"index":"index","follow":"follow","max-snippet":"max-snippet:-1","max-image-preview":"max-image-preview:large","max-video-preview":"max-video-preview:-1"},"canonical":"https:\/\/porvoojazzfestival.com\/sv\/porvoo-jazz-club-heta-halonen-riitta-paakki\/","og_locale":"sv_SE","og_type":"article","og_title":"Porvoo Jazz Club: Heta Halonen &amp; Riitta Paakki - Porvoo Jazz Festival","og_description":"Heta Halonen &amp; Riitta Paakki -duo kombinerar tv\u00e5 starka och k\u00e4nsliga r\u00f6ster inom finsk jazz till en unik enhet. En intim och st\u00e4mningsfull konsertupplevelse d\u00e4r jazzstandards, finska hits och ensemblens egna kompositioner och texter f\u00e5r nya dimensioner. S\u00e5ngerskan, sk\u00e5despelerskan och l\u00e5tskrivaren Heta Halonen, 2022 \u00e5rs tangodrottning, \u00e4r k\u00e4nd f\u00f6r sin m\u00e5ngsidiga tolkningsf\u00f6rm\u00e5ga och karismatiska scenn\u00e4rvaro. [&hellip;]","og_url":"https:\/\/porvoojazzfestival.com\/sv\/porvoo-jazz-club-heta-halonen-riitta-paakki\/","og_site_name":"Porvoo Jazz Festival","article_publisher":"https:\/\/www.facebook.com\/PorvooJazzFestival\/","article_published_time":"2025-10-23T11:05:43+00:00","article_modified_time":"2025-10-23T11:05:44+00:00","og_image":[{"width":1024,"height":576,"url":"https:\/\/porvoojazzfestival.com\/wp-content\/uploads\/2025\/10\/Riitta-ja-Heta-1024x576.png","type":"image\/png"}],"author":"Ulpu Hozjajenok","twitter_card":"summary_large_image","twitter_creator":"@porvoojazzfest","twitter_site":"@porvoojazzfest","twitter_misc":{"Skriven av":"Ulpu Hozjajenok","Ber\u00e4knad l\u00e4stid":"1 minut"},"schema":{"@context":"https:\/\/schema.org","@graph":[{"@type":"Article","@id":"https:\/\/porvoojazzfestival.com\/sv\/porvoo-jazz-club-heta-halonen-riitta-paakki\/#article","isPartOf":{"@id":"https:\/\/porvoojazzfestival.com\/sv\/porvoo-jazz-club-heta-halonen-riitta-paakki\/"},"author":{"name":"Ulpu Hozjajenok","@id":"https:\/\/porvoojazzfestival.com\/sv\/#\/schema\/person\/a27a2522702a72037c4d46d70807e79c"},"headline":"Porvoo Jazz Club: Heta Halonen &amp; Riitta Paakki","datePublished":"2025-10-23T11:05:43+00:00","dateModified":"2025-10-23T11:05:44+00:00","mainEntityOfPage":{"@id":"https:\/\/porvoojazzfestival.com\/sv\/porvoo-jazz-club-heta-halonen-riitta-paakki\/"},"wordCount":146,"publisher":{"@id":"https:\/\/porvoojazzfestival.com\/sv\/#organization"},"image":{"@id":"https:\/\/porvoojazzfestival.com\/sv\/porvoo-jazz-club-heta-halonen-riitta-paakki\/#primaryimage"},"thumbnailUrl":"https:\/\/porvoojazzfestival.com\/wp-content\/uploads\/2025\/10\/Riitta-ja-Heta.png","articleSection":["Artistit 2025"],"inLanguage":"sv-SE"},{"@type":"WebPage","@id":"https:\/\/porvoojazzfestival.com\/sv\/porvoo-jazz-club-heta-halonen-riitta-paakki\/","url":"https:\/\/porvoojazzfestival.com\/sv\/porvoo-jazz-club-heta-halonen-riitta-paakki\/","name":"Porvoo Jazz Club: Heta Halonen &amp; Riitta Paakki - Porvoo Jazz Festival","isPartOf":{"@id":"https:\/\/porvoojazzfestival.com\/sv\/#website"},"primaryImageOfPage":{"@id":"https:\/\/porvoojazzfestival.com\/sv\/porvoo-jazz-club-heta-halonen-riitta-paakki\/#primaryimage"},"image":{"@id":"https:\/\/porvoojazzfestival.com\/sv\/porvoo-jazz-club-heta-halonen-riitta-paakki\/#primaryimage"},"thumbnailUrl":"https:\/\/porvoojazzfestival.com\/wp-content\/uploads\/2025\/10\/Riitta-ja-Heta.png","datePublished":"2025-10-23T11:05:43+00:00","dateModified":"2025-10-23T11:05:44+00:00","breadcrumb":{"@id":"https:\/\/porvoojazzfestival.com\/sv\/porvoo-jazz-club-heta-halonen-riitta-paakki\/#breadcrumb"},"inLanguage":"sv-SE","potentialAction":[{"@type":"ReadAction","target":["https:\/\/porvoojazzfestival.com\/sv\/porvoo-jazz-club-heta-halonen-riitta-paakki\/"]}]},{"@type":"ImageObject","inLanguage":"sv-SE","@id":"https:\/\/porvoojazzfestival.com\/sv\/porvoo-jazz-club-heta-halonen-riitta-paakki\/#primaryimage","url":"https:\/\/porvoojazzfestival.com\/wp-content\/uploads\/2025\/10\/Riitta-ja-Heta.png","contentUrl":"https:\/\/porvoojazzfestival.com\/wp-content\/uploads\/2025\/10\/Riitta-ja-Heta.png","width":1920,"height":1080},{"@type":"BreadcrumbList","@id":"https:\/\/porvoojazzfestival.com\/sv\/porvoo-jazz-club-heta-halonen-riitta-paakki\/#breadcrumb","itemListElement":[{"@type":"ListItem","position":1,"name":"Home","item":"https:\/\/porvoojazzfestival.com\/sv\/"},{"@type":"ListItem","position":2,"name":"Porvoo Jazz Club: Heta Halonen &amp; Riitta Paakki"}]},{"@type":"WebSite","@id":"https:\/\/porvoojazzfestival.com\/sv\/#website","url":"https:\/\/porvoojazzfestival.com\/sv\/","name":"Porvoo Jazz Festival","description":"The Cosy Jazz Fest","publisher":{"@id":"https:\/\/porvoojazzfestival.com\/sv\/#organization"},"potentialAction":[{"@type":"SearchAction","target":{"@type":"EntryPoint","urlTemplate":"https:\/\/porvoojazzfestival.com\/sv\/?s={search_term_string}"},"query-input":{"@type":"PropertyValueSpecification","valueRequired":true,"valueName":"search_term_string"}}],"inLanguage":"sv-SE"},{"@type":"Organization","@id":"https:\/\/porvoojazzfestival.com\/sv\/#organization","name":"Porvoo Jazz Festival","url":"https:\/\/porvoojazzfestival.com\/sv\/","logo":{"@type":"ImageObject","inLanguage":"sv-SE","@id":"https:\/\/porvoojazzfestival.com\/sv\/#\/schema\/logo\/image\/","url":"https:\/\/porvoojazzfestival.com\/wp-content\/uploads\/2025\/01\/cropped-Porvoo-Jazz-Festival-Favicon.png","contentUrl":"https:\/\/porvoojazzfestival.com\/wp-content\/uploads\/2025\/01\/cropped-Porvoo-Jazz-Festival-Favicon.png","width":512,"height":512,"caption":"Porvoo Jazz Festival"},"image":{"@id":"https:\/\/porvoojazzfestival.com\/sv\/#\/schema\/logo\/image\/"},"sameAs":["https:\/\/www.facebook.com\/PorvooJazzFestival\/","https:\/\/x.com\/porvoojazzfest"]},{"@type":"Person","@id":"https:\/\/porvoojazzfestival.com\/sv\/#\/schema\/person\/a27a2522702a72037c4d46d70807e79c","name":"Ulpu Hozjajenok","image":{"@type":"ImageObject","inLanguage":"sv-SE","@id":"https:\/\/secure.gravatar.com\/avatar\/4eab8813ebc7881b9cf0e932655e45fb1b448b7c5d59d9330c799d4c33d06543?s=96&d=mm&r=g","url":"https:\/\/secure.gravatar.com\/avatar\/4eab8813ebc7881b9cf0e932655e45fb1b448b7c5d59d9330c799d4c33d06543?s=96&d=mm&r=g","contentUrl":"https:\/\/secure.gravatar.com\/avatar\/4eab8813ebc7881b9cf0e932655e45fb1b448b7c5d59d9330c799d4c33d06543?s=96&d=mm&r=g","caption":"Ulpu Hozjajenok"},"url":"https:\/\/porvoojazzfestival.com\/sv\/author\/ulpu\/"}]}},"_links":{"self":[{"href":"https:\/\/porvoojazzfestival.com\/sv\/wp-json\/wp\/v2\/posts\/12775","targetHints":{"allow":["GET"]}}],"collection":[{"href":"https:\/\/porvoojazzfestival.com\/sv\/wp-json\/wp\/v2\/posts"}],"about":[{"href":"https:\/\/porvoojazzfestival.com\/sv\/wp-json\/wp\/v2\/types\/post"}],"author":[{"embeddable":true,"href":"https:\/\/porvoojazzfestival.com\/sv\/wp-json\/wp\/v2\/users\/7"}],"replies":[{"embeddable":true,"href":"https:\/\/porvoojazzfestival.com\/sv\/wp-json\/wp\/v2\/comments?post=12775"}],"version-history":[{"count":0,"href":"https:\/\/porvoojazzfestival.com\/sv\/wp-json\/wp\/v2\/posts\/12775\/revisions"}],"wp:featuredmedia":[{"embeddable":true,"href":"https:\/\/porvoojazzfestival.com\/sv\/wp-json\/wp\/v2\/media\/12757"}],"wp:attachment":[{"href":"https:\/\/porvoojazzfestival.com\/sv\/wp-json\/wp\/v2\/media?parent=12775"}],"wp:term":[{"taxonomy":"category","embeddable":true,"href":"https:\/\/porvoojazzfestival.com\/sv\/wp-json\/wp\/v2\/categories?post=12775"},{"taxonomy":"post_tag","embeddable":true,"href":"https:\/\/porvoojazzfestival.com\/sv\/wp-json\/wp\/v2\/tags?post=12775"}],"curies":[{"name":"wp","href":"https:\/\/api.w.org\/{rel}","templated":true}]}}