{"id":11557,"date":"2025-04-09T12:41:23","date_gmt":"2025-04-09T09:41:23","guid":{"rendered":"https:\/\/porvoojazzfestival.com\/barnkonsert-mirkka-luis\/"},"modified":"2025-06-12T10:28:22","modified_gmt":"2025-06-12T07:28:22","slug":"barnkonsert-mirkka-luis","status":"publish","type":"post","link":"https:\/\/porvoojazzfestival.com\/sv\/barnkonsert-mirkka-luis\/","title":{"rendered":"Barnkonsert: MIRKKA &amp; LUIS"},"content":{"rendered":"\n<p>Porvoo Jazz Festival bjuder f\u00f6r fj\u00e4rde g\u00e5ngen p\u00e5 en barnkonsert! P\u00e5 \u00e5rets festival upptr\u00e4der det fr\u00e4scha och f\u00e4rgstarka femmannabandet Mirkka &amp; Luis.  <\/p>\n\n<p>Mirkka &amp; Luis \u00e4r en barnmusikgrupp som brinner f\u00f6r att sjunga, f\u00e5 folk att skratta och r\u00f6ra p\u00e5 kropp och sj\u00e4l. Bandet uts\u00e5gs till \u00c5rets barnmusikband 2022 och \u00c5rets nykomling 2019 p\u00e5 den nationella barnmusikgalan. Bandet har hyllats f\u00f6r sin h\u00f6gkvalitativa musik och sina insiktsfulla, aktuella och st\u00e4mningsfulla texter, som \u00e4r bandets egna originalverk. <br\/>Dessutom f\u00e4ngslar bandets f\u00e4ngslande n\u00e4rvaro b\u00e5de barn och vuxna.    <\/p>\n\n<p> V\u00e4lkommen och lyssna till utm\u00e4rkt barnmusik!<\/p>\n\n<p>\u201dDet b\u00e4sta \u00e5t barnen, f\u00f6rst\u00e5s!\u201d <\/p>\n\n<p>Intr\u00e4det till konserten \u00e4r fritt. <\/p>\n\n<p>Foto: Teemu Mattson<\/p>\n","protected":false},"excerpt":{"rendered":"<p>Porvoo Jazz Festival bjuder f\u00f6r fj\u00e4rde g\u00e5ngen p\u00e5 en barnkonsert! P\u00e5 \u00e5rets festival upptr\u00e4der det fr\u00e4scha och f\u00e4rgstarka femmannabandet Mirkka &amp; Luis. Mirkka &amp; Luis \u00e4r en barnmusikgrupp som brinner f\u00f6r att sjunga, f\u00e5 folk att skratta och r\u00f6ra p\u00e5 kropp och sj\u00e4l. Bandet uts\u00e5gs till \u00c5rets barnmusikband 2022 och \u00c5rets nykomling 2019 p\u00e5 den [&hellip;]<\/p>\n","protected":false},"author":7,"featured_media":11441,"comment_status":"closed","ping_status":"closed","sticky":false,"template":"","format":"standard","meta":{"_acf_changed":false,"_et_pb_use_builder":"off","_et_pb_old_content":"","_et_gb_content_width":"","footnotes":""},"categories":[83],"tags":[],"class_list":["post-11557","post","type-post","status-publish","format-standard","has-post-thumbnail","hentry","category-artistit-2025-sv"],"acf":[],"yoast_head":"<!-- This site is optimized with the Yoast SEO plugin v27.4 - https:\/\/yoast.com\/product\/yoast-seo-wordpress\/ -->\n<title>Barnkonsert: MIRKKA &amp; LUIS - Porvoo Jazz Festival<\/title>\n<meta name=\"robots\" content=\"index, follow, max-snippet:-1, max-image-preview:large, max-video-preview:-1\" \/>\n<link rel=\"canonical\" href=\"https:\/\/porvoojazzfestival.com\/sv\/barnkonsert-mirkka-luis\/\" \/>\n<meta property=\"og:locale\" content=\"sv_SE\" \/>\n<meta property=\"og:type\" content=\"article\" \/>\n<meta property=\"og:title\" content=\"Barnkonsert: MIRKKA &amp; LUIS - Porvoo Jazz Festival\" \/>\n<meta property=\"og:description\" content=\"Porvoo Jazz Festival bjuder f\u00f6r fj\u00e4rde g\u00e5ngen p\u00e5 en barnkonsert! P\u00e5 \u00e5rets festival upptr\u00e4der det fr\u00e4scha och f\u00e4rgstarka femmannabandet Mirkka &amp; Luis. Mirkka &amp; Luis \u00e4r en barnmusikgrupp som brinner f\u00f6r att sjunga, f\u00e5 folk att skratta och r\u00f6ra p\u00e5 kropp och sj\u00e4l. Bandet uts\u00e5gs till \u00c5rets barnmusikband 2022 och \u00c5rets nykomling 2019 p\u00e5 den [&hellip;]\" \/>\n<meta property=\"og:url\" content=\"https:\/\/porvoojazzfestival.com\/sv\/barnkonsert-mirkka-luis\/\" \/>\n<meta property=\"og:site_name\" content=\"Porvoo Jazz Festival\" \/>\n<meta property=\"article:publisher\" content=\"https:\/\/www.facebook.com\/PorvooJazzFestival\/\" \/>\n<meta property=\"article:published_time\" content=\"2025-04-09T09:41:23+00:00\" \/>\n<meta property=\"article:modified_time\" content=\"2025-06-12T07:28:22+00:00\" \/>\n<meta property=\"og:image\" content=\"https:\/\/porvoojazzfestival.com\/wp-content\/uploads\/2025\/04\/mirkkaluis-22-edit-2-3_kuva-teemu-mattsson-scaled-1.jpeg\" \/>\n\t<meta property=\"og:image:width\" content=\"2560\" \/>\n\t<meta property=\"og:image:height\" content=\"1623\" \/>\n\t<meta property=\"og:image:type\" content=\"image\/jpeg\" \/>\n<meta name=\"author\" content=\"Ulpu Hozjajenok\" \/>\n<meta name=\"twitter:card\" content=\"summary_large_image\" \/>\n<meta name=\"twitter:creator\" content=\"@porvoojazzfest\" \/>\n<meta name=\"twitter:site\" content=\"@porvoojazzfest\" \/>\n<meta name=\"twitter:label1\" content=\"Skriven av\" \/>\n\t<meta name=\"twitter:data1\" content=\"Ulpu Hozjajenok\" \/>\n\t<meta name=\"twitter:label2\" content=\"Ber\u00e4knad l\u00e4stid\" \/>\n\t<meta name=\"twitter:data2\" content=\"1 minut\" \/>\n<script type=\"application\/ld+json\" class=\"yoast-schema-graph\">{\"@context\":\"https:\\\/\\\/schema.org\",\"@graph\":[{\"@type\":\"Article\",\"@id\":\"https:\\\/\\\/porvoojazzfestival.com\\\/sv\\\/barnkonsert-mirkka-luis\\\/#article\",\"isPartOf\":{\"@id\":\"https:\\\/\\\/porvoojazzfestival.com\\\/sv\\\/barnkonsert-mirkka-luis\\\/\"},\"author\":{\"name\":\"Ulpu Hozjajenok\",\"@id\":\"https:\\\/\\\/porvoojazzfestival.com\\\/sv\\\/#\\\/schema\\\/person\\\/a27a2522702a72037c4d46d70807e79c\"},\"headline\":\"Barnkonsert: MIRKKA &amp; LUIS\",\"datePublished\":\"2025-04-09T09:41:23+00:00\",\"dateModified\":\"2025-06-12T07:28:22+00:00\",\"mainEntityOfPage\":{\"@id\":\"https:\\\/\\\/porvoojazzfestival.com\\\/sv\\\/barnkonsert-mirkka-luis\\\/\"},\"wordCount\":129,\"publisher\":{\"@id\":\"https:\\\/\\\/porvoojazzfestival.com\\\/sv\\\/#organization\"},\"image\":{\"@id\":\"https:\\\/\\\/porvoojazzfestival.com\\\/sv\\\/barnkonsert-mirkka-luis\\\/#primaryimage\"},\"thumbnailUrl\":\"https:\\\/\\\/porvoojazzfestival.com\\\/wp-content\\\/uploads\\\/2025\\\/04\\\/mirkkaluis-22-edit-2-3_kuva-teemu-mattsson-scaled-1.jpeg\",\"articleSection\":[\"Artistit 2025\"],\"inLanguage\":\"sv-SE\"},{\"@type\":\"WebPage\",\"@id\":\"https:\\\/\\\/porvoojazzfestival.com\\\/sv\\\/barnkonsert-mirkka-luis\\\/\",\"url\":\"https:\\\/\\\/porvoojazzfestival.com\\\/sv\\\/barnkonsert-mirkka-luis\\\/\",\"name\":\"Barnkonsert: MIRKKA &amp; LUIS - Porvoo Jazz Festival\",\"isPartOf\":{\"@id\":\"https:\\\/\\\/porvoojazzfestival.com\\\/sv\\\/#website\"},\"primaryImageOfPage\":{\"@id\":\"https:\\\/\\\/porvoojazzfestival.com\\\/sv\\\/barnkonsert-mirkka-luis\\\/#primaryimage\"},\"image\":{\"@id\":\"https:\\\/\\\/porvoojazzfestival.com\\\/sv\\\/barnkonsert-mirkka-luis\\\/#primaryimage\"},\"thumbnailUrl\":\"https:\\\/\\\/porvoojazzfestival.com\\\/wp-content\\\/uploads\\\/2025\\\/04\\\/mirkkaluis-22-edit-2-3_kuva-teemu-mattsson-scaled-1.jpeg\",\"datePublished\":\"2025-04-09T09:41:23+00:00\",\"dateModified\":\"2025-06-12T07:28:22+00:00\",\"breadcrumb\":{\"@id\":\"https:\\\/\\\/porvoojazzfestival.com\\\/sv\\\/barnkonsert-mirkka-luis\\\/#breadcrumb\"},\"inLanguage\":\"sv-SE\",\"potentialAction\":[{\"@type\":\"ReadAction\",\"target\":[\"https:\\\/\\\/porvoojazzfestival.com\\\/sv\\\/barnkonsert-mirkka-luis\\\/\"]}]},{\"@type\":\"ImageObject\",\"inLanguage\":\"sv-SE\",\"@id\":\"https:\\\/\\\/porvoojazzfestival.com\\\/sv\\\/barnkonsert-mirkka-luis\\\/#primaryimage\",\"url\":\"https:\\\/\\\/porvoojazzfestival.com\\\/wp-content\\\/uploads\\\/2025\\\/04\\\/mirkkaluis-22-edit-2-3_kuva-teemu-mattsson-scaled-1.jpeg\",\"contentUrl\":\"https:\\\/\\\/porvoojazzfestival.com\\\/wp-content\\\/uploads\\\/2025\\\/04\\\/mirkkaluis-22-edit-2-3_kuva-teemu-mattsson-scaled-1.jpeg\",\"width\":2560,\"height\":1623},{\"@type\":\"BreadcrumbList\",\"@id\":\"https:\\\/\\\/porvoojazzfestival.com\\\/sv\\\/barnkonsert-mirkka-luis\\\/#breadcrumb\",\"itemListElement\":[{\"@type\":\"ListItem\",\"position\":1,\"name\":\"Home\",\"item\":\"https:\\\/\\\/porvoojazzfestival.com\\\/sv\\\/\"},{\"@type\":\"ListItem\",\"position\":2,\"name\":\"Barnkonsert: MIRKKA &amp; LUIS\"}]},{\"@type\":\"WebSite\",\"@id\":\"https:\\\/\\\/porvoojazzfestival.com\\\/sv\\\/#website\",\"url\":\"https:\\\/\\\/porvoojazzfestival.com\\\/sv\\\/\",\"name\":\"Porvoo Jazz Festival\",\"description\":\"The Cosy Jazz Fest\",\"publisher\":{\"@id\":\"https:\\\/\\\/porvoojazzfestival.com\\\/sv\\\/#organization\"},\"potentialAction\":[{\"@type\":\"SearchAction\",\"target\":{\"@type\":\"EntryPoint\",\"urlTemplate\":\"https:\\\/\\\/porvoojazzfestival.com\\\/sv\\\/?s={search_term_string}\"},\"query-input\":{\"@type\":\"PropertyValueSpecification\",\"valueRequired\":true,\"valueName\":\"search_term_string\"}}],\"inLanguage\":\"sv-SE\"},{\"@type\":\"Organization\",\"@id\":\"https:\\\/\\\/porvoojazzfestival.com\\\/sv\\\/#organization\",\"name\":\"Porvoo Jazz Festival\",\"url\":\"https:\\\/\\\/porvoojazzfestival.com\\\/sv\\\/\",\"logo\":{\"@type\":\"ImageObject\",\"inLanguage\":\"sv-SE\",\"@id\":\"https:\\\/\\\/porvoojazzfestival.com\\\/sv\\\/#\\\/schema\\\/logo\\\/image\\\/\",\"url\":\"https:\\\/\\\/porvoojazzfestival.com\\\/wp-content\\\/uploads\\\/2025\\\/01\\\/cropped-Porvoo-Jazz-Festival-Favicon.png\",\"contentUrl\":\"https:\\\/\\\/porvoojazzfestival.com\\\/wp-content\\\/uploads\\\/2025\\\/01\\\/cropped-Porvoo-Jazz-Festival-Favicon.png\",\"width\":512,\"height\":512,\"caption\":\"Porvoo Jazz Festival\"},\"image\":{\"@id\":\"https:\\\/\\\/porvoojazzfestival.com\\\/sv\\\/#\\\/schema\\\/logo\\\/image\\\/\"},\"sameAs\":[\"https:\\\/\\\/www.facebook.com\\\/PorvooJazzFestival\\\/\",\"https:\\\/\\\/x.com\\\/porvoojazzfest\"]},{\"@type\":\"Person\",\"@id\":\"https:\\\/\\\/porvoojazzfestival.com\\\/sv\\\/#\\\/schema\\\/person\\\/a27a2522702a72037c4d46d70807e79c\",\"name\":\"Ulpu Hozjajenok\",\"image\":{\"@type\":\"ImageObject\",\"inLanguage\":\"sv-SE\",\"@id\":\"https:\\\/\\\/secure.gravatar.com\\\/avatar\\\/4eab8813ebc7881b9cf0e932655e45fb1b448b7c5d59d9330c799d4c33d06543?s=96&d=mm&r=g\",\"url\":\"https:\\\/\\\/secure.gravatar.com\\\/avatar\\\/4eab8813ebc7881b9cf0e932655e45fb1b448b7c5d59d9330c799d4c33d06543?s=96&d=mm&r=g\",\"contentUrl\":\"https:\\\/\\\/secure.gravatar.com\\\/avatar\\\/4eab8813ebc7881b9cf0e932655e45fb1b448b7c5d59d9330c799d4c33d06543?s=96&d=mm&r=g\",\"caption\":\"Ulpu Hozjajenok\"},\"url\":\"https:\\\/\\\/porvoojazzfestival.com\\\/sv\\\/author\\\/ulpu\\\/\"}]}<\/script>\n<!-- \/ Yoast SEO plugin. -->","yoast_head_json":{"title":"Barnkonsert: MIRKKA &amp; LUIS - Porvoo Jazz Festival","robots":{"index":"index","follow":"follow","max-snippet":"max-snippet:-1","max-image-preview":"max-image-preview:large","max-video-preview":"max-video-preview:-1"},"canonical":"https:\/\/porvoojazzfestival.com\/sv\/barnkonsert-mirkka-luis\/","og_locale":"sv_SE","og_type":"article","og_title":"Barnkonsert: MIRKKA &amp; LUIS - Porvoo Jazz Festival","og_description":"Porvoo Jazz Festival bjuder f\u00f6r fj\u00e4rde g\u00e5ngen p\u00e5 en barnkonsert! P\u00e5 \u00e5rets festival upptr\u00e4der det fr\u00e4scha och f\u00e4rgstarka femmannabandet Mirkka &amp; Luis. Mirkka &amp; Luis \u00e4r en barnmusikgrupp som brinner f\u00f6r att sjunga, f\u00e5 folk att skratta och r\u00f6ra p\u00e5 kropp och sj\u00e4l. Bandet uts\u00e5gs till \u00c5rets barnmusikband 2022 och \u00c5rets nykomling 2019 p\u00e5 den [&hellip;]","og_url":"https:\/\/porvoojazzfestival.com\/sv\/barnkonsert-mirkka-luis\/","og_site_name":"Porvoo Jazz Festival","article_publisher":"https:\/\/www.facebook.com\/PorvooJazzFestival\/","article_published_time":"2025-04-09T09:41:23+00:00","article_modified_time":"2025-06-12T07:28:22+00:00","og_image":[{"width":2560,"height":1623,"url":"https:\/\/porvoojazzfestival.com\/wp-content\/uploads\/2025\/04\/mirkkaluis-22-edit-2-3_kuva-teemu-mattsson-scaled-1.jpeg","type":"image\/jpeg"}],"author":"Ulpu Hozjajenok","twitter_card":"summary_large_image","twitter_creator":"@porvoojazzfest","twitter_site":"@porvoojazzfest","twitter_misc":{"Skriven av":"Ulpu Hozjajenok","Ber\u00e4knad l\u00e4stid":"1 minut"},"schema":{"@context":"https:\/\/schema.org","@graph":[{"@type":"Article","@id":"https:\/\/porvoojazzfestival.com\/sv\/barnkonsert-mirkka-luis\/#article","isPartOf":{"@id":"https:\/\/porvoojazzfestival.com\/sv\/barnkonsert-mirkka-luis\/"},"author":{"name":"Ulpu Hozjajenok","@id":"https:\/\/porvoojazzfestival.com\/sv\/#\/schema\/person\/a27a2522702a72037c4d46d70807e79c"},"headline":"Barnkonsert: MIRKKA &amp; LUIS","datePublished":"2025-04-09T09:41:23+00:00","dateModified":"2025-06-12T07:28:22+00:00","mainEntityOfPage":{"@id":"https:\/\/porvoojazzfestival.com\/sv\/barnkonsert-mirkka-luis\/"},"wordCount":129,"publisher":{"@id":"https:\/\/porvoojazzfestival.com\/sv\/#organization"},"image":{"@id":"https:\/\/porvoojazzfestival.com\/sv\/barnkonsert-mirkka-luis\/#primaryimage"},"thumbnailUrl":"https:\/\/porvoojazzfestival.com\/wp-content\/uploads\/2025\/04\/mirkkaluis-22-edit-2-3_kuva-teemu-mattsson-scaled-1.jpeg","articleSection":["Artistit 2025"],"inLanguage":"sv-SE"},{"@type":"WebPage","@id":"https:\/\/porvoojazzfestival.com\/sv\/barnkonsert-mirkka-luis\/","url":"https:\/\/porvoojazzfestival.com\/sv\/barnkonsert-mirkka-luis\/","name":"Barnkonsert: MIRKKA &amp; LUIS - Porvoo Jazz Festival","isPartOf":{"@id":"https:\/\/porvoojazzfestival.com\/sv\/#website"},"primaryImageOfPage":{"@id":"https:\/\/porvoojazzfestival.com\/sv\/barnkonsert-mirkka-luis\/#primaryimage"},"image":{"@id":"https:\/\/porvoojazzfestival.com\/sv\/barnkonsert-mirkka-luis\/#primaryimage"},"thumbnailUrl":"https:\/\/porvoojazzfestival.com\/wp-content\/uploads\/2025\/04\/mirkkaluis-22-edit-2-3_kuva-teemu-mattsson-scaled-1.jpeg","datePublished":"2025-04-09T09:41:23+00:00","dateModified":"2025-06-12T07:28:22+00:00","breadcrumb":{"@id":"https:\/\/porvoojazzfestival.com\/sv\/barnkonsert-mirkka-luis\/#breadcrumb"},"inLanguage":"sv-SE","potentialAction":[{"@type":"ReadAction","target":["https:\/\/porvoojazzfestival.com\/sv\/barnkonsert-mirkka-luis\/"]}]},{"@type":"ImageObject","inLanguage":"sv-SE","@id":"https:\/\/porvoojazzfestival.com\/sv\/barnkonsert-mirkka-luis\/#primaryimage","url":"https:\/\/porvoojazzfestival.com\/wp-content\/uploads\/2025\/04\/mirkkaluis-22-edit-2-3_kuva-teemu-mattsson-scaled-1.jpeg","contentUrl":"https:\/\/porvoojazzfestival.com\/wp-content\/uploads\/2025\/04\/mirkkaluis-22-edit-2-3_kuva-teemu-mattsson-scaled-1.jpeg","width":2560,"height":1623},{"@type":"BreadcrumbList","@id":"https:\/\/porvoojazzfestival.com\/sv\/barnkonsert-mirkka-luis\/#breadcrumb","itemListElement":[{"@type":"ListItem","position":1,"name":"Home","item":"https:\/\/porvoojazzfestival.com\/sv\/"},{"@type":"ListItem","position":2,"name":"Barnkonsert: MIRKKA &amp; LUIS"}]},{"@type":"WebSite","@id":"https:\/\/porvoojazzfestival.com\/sv\/#website","url":"https:\/\/porvoojazzfestival.com\/sv\/","name":"Porvoo Jazz Festival","description":"The Cosy Jazz Fest","publisher":{"@id":"https:\/\/porvoojazzfestival.com\/sv\/#organization"},"potentialAction":[{"@type":"SearchAction","target":{"@type":"EntryPoint","urlTemplate":"https:\/\/porvoojazzfestival.com\/sv\/?s={search_term_string}"},"query-input":{"@type":"PropertyValueSpecification","valueRequired":true,"valueName":"search_term_string"}}],"inLanguage":"sv-SE"},{"@type":"Organization","@id":"https:\/\/porvoojazzfestival.com\/sv\/#organization","name":"Porvoo Jazz Festival","url":"https:\/\/porvoojazzfestival.com\/sv\/","logo":{"@type":"ImageObject","inLanguage":"sv-SE","@id":"https:\/\/porvoojazzfestival.com\/sv\/#\/schema\/logo\/image\/","url":"https:\/\/porvoojazzfestival.com\/wp-content\/uploads\/2025\/01\/cropped-Porvoo-Jazz-Festival-Favicon.png","contentUrl":"https:\/\/porvoojazzfestival.com\/wp-content\/uploads\/2025\/01\/cropped-Porvoo-Jazz-Festival-Favicon.png","width":512,"height":512,"caption":"Porvoo Jazz Festival"},"image":{"@id":"https:\/\/porvoojazzfestival.com\/sv\/#\/schema\/logo\/image\/"},"sameAs":["https:\/\/www.facebook.com\/PorvooJazzFestival\/","https:\/\/x.com\/porvoojazzfest"]},{"@type":"Person","@id":"https:\/\/porvoojazzfestival.com\/sv\/#\/schema\/person\/a27a2522702a72037c4d46d70807e79c","name":"Ulpu Hozjajenok","image":{"@type":"ImageObject","inLanguage":"sv-SE","@id":"https:\/\/secure.gravatar.com\/avatar\/4eab8813ebc7881b9cf0e932655e45fb1b448b7c5d59d9330c799d4c33d06543?s=96&d=mm&r=g","url":"https:\/\/secure.gravatar.com\/avatar\/4eab8813ebc7881b9cf0e932655e45fb1b448b7c5d59d9330c799d4c33d06543?s=96&d=mm&r=g","contentUrl":"https:\/\/secure.gravatar.com\/avatar\/4eab8813ebc7881b9cf0e932655e45fb1b448b7c5d59d9330c799d4c33d06543?s=96&d=mm&r=g","caption":"Ulpu Hozjajenok"},"url":"https:\/\/porvoojazzfestival.com\/sv\/author\/ulpu\/"}]}},"_links":{"self":[{"href":"https:\/\/porvoojazzfestival.com\/sv\/wp-json\/wp\/v2\/posts\/11557","targetHints":{"allow":["GET"]}}],"collection":[{"href":"https:\/\/porvoojazzfestival.com\/sv\/wp-json\/wp\/v2\/posts"}],"about":[{"href":"https:\/\/porvoojazzfestival.com\/sv\/wp-json\/wp\/v2\/types\/post"}],"author":[{"embeddable":true,"href":"https:\/\/porvoojazzfestival.com\/sv\/wp-json\/wp\/v2\/users\/7"}],"replies":[{"embeddable":true,"href":"https:\/\/porvoojazzfestival.com\/sv\/wp-json\/wp\/v2\/comments?post=11557"}],"version-history":[{"count":0,"href":"https:\/\/porvoojazzfestival.com\/sv\/wp-json\/wp\/v2\/posts\/11557\/revisions"}],"wp:featuredmedia":[{"embeddable":true,"href":"https:\/\/porvoojazzfestival.com\/sv\/wp-json\/wp\/v2\/media\/11441"}],"wp:attachment":[{"href":"https:\/\/porvoojazzfestival.com\/sv\/wp-json\/wp\/v2\/media?parent=11557"}],"wp:term":[{"taxonomy":"category","embeddable":true,"href":"https:\/\/porvoojazzfestival.com\/sv\/wp-json\/wp\/v2\/categories?post=11557"},{"taxonomy":"post_tag","embeddable":true,"href":"https:\/\/porvoojazzfestival.com\/sv\/wp-json\/wp\/v2\/tags?post=11557"}],"curies":[{"name":"wp","href":"https:\/\/api.w.org\/{rel}","templated":true}]}}