{"id":11034,"date":"2025-02-12T10:51:53","date_gmt":"2025-02-12T08:51:53","guid":{"rendered":"https:\/\/porvoojazzfestival.com\/porvoo-jazz-club-antila-saastamoinen-makynen-w-ebba-asman\/"},"modified":"2025-02-27T14:30:24","modified_gmt":"2025-02-27T12:30:24","slug":"porvoo-jazz-club-antila-saastamoinen-makynen-w-ebba-asman","status":"publish","type":"post","link":"https:\/\/porvoojazzfestival.com\/sv\/porvoo-jazz-club-antila-saastamoinen-makynen-w-ebba-asman\/","title":{"rendered":"PORVOO JAZZ CLUB: Antila, Saastamoinen, M\u00e4kynen w\/ Ebba \u00c5sman (SE)"},"content":{"rendered":"\n<p>P\u00e5 Porvoo Jazz Club kombinerar vibrafontalangen Mikko Antila, den unga basm\u00e4staren Mikael Saastamoinen och juggens kung Teppo M\u00e4kynen sina f\u00e4rdigheter med den svenska singer-songwritern och trombonisten Ebba \u00c5sman. \u00c5sman \u00e4r en unik talang och en stigande stj\u00e4rna i sitt eget land. Hon har studerat vid S\u00f6dra Latinskolan i Stockholm och Rotterdam Music Academy. \u00c5sman har ocks\u00e5 skrivit och spelat in sitt f\u00f6rsta album vid 18 \u00e5rs \u00e5lder och hennes andra album nominerades till kategorin B\u00e4sta Jazzalbum p\u00e5 2024 \u00e5rs svenska Grammisgala.     <\/p>\n\n<p>Ebba bryter gr\u00e4nser och kategorier och drog sig tillbaka till en stuga mitt ute i skogen f\u00f6r att skriva sitt senaste album. Resultatet &#8211; \u201dWhen You Know\u201d &#8211; kristalliserar modern soul p\u00e5 ett f\u00f6rtrollande s\u00e4tt, n\u00e4r Ebba l\u00e4gger melodier med sin s\u00e5ngr\u00f6st \u00f6ver digitala rytmer och sitt karakteristiska rika trombonljud. Albumet \u201dWhen You Know\u201d kommer att sl\u00e4ppas av det inflytelserika London-baserade skivbolaget Dorado Records, och detta hisnande, melankoliska m\u00e4sterverk kommer att sl\u00e4ppas i mars 2025.  <\/p>\n\n<p>Bild: Hedvig Moberg, ph-any<\/p>\n","protected":false},"excerpt":{"rendered":"<p>P\u00e5 Porvoo Jazz Club kombinerar vibrafontalangen Mikko Antila, den unga basm\u00e4staren Mikael Saastamoinen och juggens kung Teppo M\u00e4kynen sina f\u00e4rdigheter med den svenska singer-songwritern och trombonisten Ebba \u00c5sman. \u00c5sman \u00e4r en unik talang och en stigande stj\u00e4rna i sitt eget land. Hon har studerat vid S\u00f6dra Latinskolan i Stockholm och Rotterdam Music Academy. \u00c5sman har [&hellip;]<\/p>\n","protected":false},"author":7,"featured_media":10929,"comment_status":"closed","ping_status":"closed","sticky":false,"template":"","format":"standard","meta":{"_acf_changed":false,"_et_pb_use_builder":"off","_et_pb_old_content":"","_et_gb_content_width":"","footnotes":""},"categories":[78],"tags":[],"class_list":["post-11034","post","type-post","status-publish","format-standard","has-post-thumbnail","hentry","category-artistit-2024-sv"],"acf":[],"yoast_head":"<!-- This site is optimized with the Yoast SEO plugin v27.4 - https:\/\/yoast.com\/product\/yoast-seo-wordpress\/ -->\n<title>PORVOO JAZZ CLUB: Antila, Saastamoinen, M\u00e4kynen w\/ Ebba \u00c5sman (SE) - Porvoo Jazz Festival<\/title>\n<meta name=\"robots\" content=\"index, follow, max-snippet:-1, max-image-preview:large, max-video-preview:-1\" \/>\n<link rel=\"canonical\" href=\"https:\/\/porvoojazzfestival.com\/sv\/porvoo-jazz-club-antila-saastamoinen-makynen-w-ebba-asman\/\" \/>\n<meta property=\"og:locale\" content=\"sv_SE\" \/>\n<meta property=\"og:type\" content=\"article\" \/>\n<meta property=\"og:title\" content=\"PORVOO JAZZ CLUB: Antila, Saastamoinen, M\u00e4kynen w\/ Ebba \u00c5sman (SE) - Porvoo Jazz Festival\" \/>\n<meta property=\"og:description\" content=\"P\u00e5 Porvoo Jazz Club kombinerar vibrafontalangen Mikko Antila, den unga basm\u00e4staren Mikael Saastamoinen och juggens kung Teppo M\u00e4kynen sina f\u00e4rdigheter med den svenska singer-songwritern och trombonisten Ebba \u00c5sman. \u00c5sman \u00e4r en unik talang och en stigande stj\u00e4rna i sitt eget land. Hon har studerat vid S\u00f6dra Latinskolan i Stockholm och Rotterdam Music Academy. \u00c5sman har [&hellip;]\" \/>\n<meta property=\"og:url\" content=\"https:\/\/porvoojazzfestival.com\/sv\/porvoo-jazz-club-antila-saastamoinen-makynen-w-ebba-asman\/\" \/>\n<meta property=\"og:site_name\" content=\"Porvoo Jazz Festival\" \/>\n<meta property=\"article:publisher\" content=\"https:\/\/www.facebook.com\/PorvooJazzFestival\/\" \/>\n<meta property=\"article:published_time\" content=\"2025-02-12T08:51:53+00:00\" \/>\n<meta property=\"article:modified_time\" content=\"2025-02-27T12:30:24+00:00\" \/>\n<meta property=\"og:image\" content=\"https:\/\/porvoojazzfestival.com\/wp-content\/uploads\/2025\/02\/PH-ANY_EBBA_ASMAN_BACKCOVER-e1738670668805.jpg\" \/>\n\t<meta property=\"og:image:width\" content=\"1800\" \/>\n\t<meta property=\"og:image:height\" content=\"1800\" \/>\n\t<meta property=\"og:image:type\" content=\"image\/jpeg\" \/>\n<meta name=\"author\" content=\"Ulpu Hozjajenok\" \/>\n<meta name=\"twitter:card\" content=\"summary_large_image\" \/>\n<meta name=\"twitter:creator\" content=\"@porvoojazzfest\" \/>\n<meta name=\"twitter:site\" content=\"@porvoojazzfest\" \/>\n<meta name=\"twitter:label1\" content=\"Skriven av\" \/>\n\t<meta name=\"twitter:data1\" content=\"Ulpu Hozjajenok\" \/>\n\t<meta name=\"twitter:label2\" content=\"Ber\u00e4knad l\u00e4stid\" \/>\n\t<meta name=\"twitter:data2\" content=\"1 minut\" \/>\n<script type=\"application\/ld+json\" class=\"yoast-schema-graph\">{\"@context\":\"https:\\\/\\\/schema.org\",\"@graph\":[{\"@type\":\"Article\",\"@id\":\"https:\\\/\\\/porvoojazzfestival.com\\\/sv\\\/porvoo-jazz-club-antila-saastamoinen-makynen-w-ebba-asman\\\/#article\",\"isPartOf\":{\"@id\":\"https:\\\/\\\/porvoojazzfestival.com\\\/sv\\\/porvoo-jazz-club-antila-saastamoinen-makynen-w-ebba-asman\\\/\"},\"author\":{\"name\":\"Ulpu Hozjajenok\",\"@id\":\"https:\\\/\\\/porvoojazzfestival.com\\\/sv\\\/#\\\/schema\\\/person\\\/a27a2522702a72037c4d46d70807e79c\"},\"headline\":\"PORVOO JAZZ CLUB: Antila, Saastamoinen, M\u00e4kynen w\\\/ Ebba \u00c5sman (SE)\",\"datePublished\":\"2025-02-12T08:51:53+00:00\",\"dateModified\":\"2025-02-27T12:30:24+00:00\",\"mainEntityOfPage\":{\"@id\":\"https:\\\/\\\/porvoojazzfestival.com\\\/sv\\\/porvoo-jazz-club-antila-saastamoinen-makynen-w-ebba-asman\\\/\"},\"wordCount\":186,\"publisher\":{\"@id\":\"https:\\\/\\\/porvoojazzfestival.com\\\/sv\\\/#organization\"},\"image\":{\"@id\":\"https:\\\/\\\/porvoojazzfestival.com\\\/sv\\\/porvoo-jazz-club-antila-saastamoinen-makynen-w-ebba-asman\\\/#primaryimage\"},\"thumbnailUrl\":\"https:\\\/\\\/porvoojazzfestival.com\\\/wp-content\\\/uploads\\\/2025\\\/02\\\/PH-ANY_EBBA_ASMAN_BACKCOVER-e1738670668805.jpg\",\"articleSection\":[\"Artister 2024\"],\"inLanguage\":\"sv-SE\"},{\"@type\":\"WebPage\",\"@id\":\"https:\\\/\\\/porvoojazzfestival.com\\\/sv\\\/porvoo-jazz-club-antila-saastamoinen-makynen-w-ebba-asman\\\/\",\"url\":\"https:\\\/\\\/porvoojazzfestival.com\\\/sv\\\/porvoo-jazz-club-antila-saastamoinen-makynen-w-ebba-asman\\\/\",\"name\":\"PORVOO JAZZ CLUB: Antila, Saastamoinen, M\u00e4kynen w\\\/ Ebba \u00c5sman (SE) - Porvoo Jazz Festival\",\"isPartOf\":{\"@id\":\"https:\\\/\\\/porvoojazzfestival.com\\\/sv\\\/#website\"},\"primaryImageOfPage\":{\"@id\":\"https:\\\/\\\/porvoojazzfestival.com\\\/sv\\\/porvoo-jazz-club-antila-saastamoinen-makynen-w-ebba-asman\\\/#primaryimage\"},\"image\":{\"@id\":\"https:\\\/\\\/porvoojazzfestival.com\\\/sv\\\/porvoo-jazz-club-antila-saastamoinen-makynen-w-ebba-asman\\\/#primaryimage\"},\"thumbnailUrl\":\"https:\\\/\\\/porvoojazzfestival.com\\\/wp-content\\\/uploads\\\/2025\\\/02\\\/PH-ANY_EBBA_ASMAN_BACKCOVER-e1738670668805.jpg\",\"datePublished\":\"2025-02-12T08:51:53+00:00\",\"dateModified\":\"2025-02-27T12:30:24+00:00\",\"breadcrumb\":{\"@id\":\"https:\\\/\\\/porvoojazzfestival.com\\\/sv\\\/porvoo-jazz-club-antila-saastamoinen-makynen-w-ebba-asman\\\/#breadcrumb\"},\"inLanguage\":\"sv-SE\",\"potentialAction\":[{\"@type\":\"ReadAction\",\"target\":[\"https:\\\/\\\/porvoojazzfestival.com\\\/sv\\\/porvoo-jazz-club-antila-saastamoinen-makynen-w-ebba-asman\\\/\"]}]},{\"@type\":\"ImageObject\",\"inLanguage\":\"sv-SE\",\"@id\":\"https:\\\/\\\/porvoojazzfestival.com\\\/sv\\\/porvoo-jazz-club-antila-saastamoinen-makynen-w-ebba-asman\\\/#primaryimage\",\"url\":\"https:\\\/\\\/porvoojazzfestival.com\\\/wp-content\\\/uploads\\\/2025\\\/02\\\/PH-ANY_EBBA_ASMAN_BACKCOVER-e1738670668805.jpg\",\"contentUrl\":\"https:\\\/\\\/porvoojazzfestival.com\\\/wp-content\\\/uploads\\\/2025\\\/02\\\/PH-ANY_EBBA_ASMAN_BACKCOVER-e1738670668805.jpg\",\"width\":1800,\"height\":1800},{\"@type\":\"BreadcrumbList\",\"@id\":\"https:\\\/\\\/porvoojazzfestival.com\\\/sv\\\/porvoo-jazz-club-antila-saastamoinen-makynen-w-ebba-asman\\\/#breadcrumb\",\"itemListElement\":[{\"@type\":\"ListItem\",\"position\":1,\"name\":\"Home\",\"item\":\"https:\\\/\\\/porvoojazzfestival.com\\\/sv\\\/\"},{\"@type\":\"ListItem\",\"position\":2,\"name\":\"PORVOO JAZZ CLUB: Antila, Saastamoinen, M\u00e4kynen w\\\/ Ebba \u00c5sman (SE)\"}]},{\"@type\":\"WebSite\",\"@id\":\"https:\\\/\\\/porvoojazzfestival.com\\\/sv\\\/#website\",\"url\":\"https:\\\/\\\/porvoojazzfestival.com\\\/sv\\\/\",\"name\":\"Porvoo Jazz Festival\",\"description\":\"The Cosy Jazz Fest\",\"publisher\":{\"@id\":\"https:\\\/\\\/porvoojazzfestival.com\\\/sv\\\/#organization\"},\"potentialAction\":[{\"@type\":\"SearchAction\",\"target\":{\"@type\":\"EntryPoint\",\"urlTemplate\":\"https:\\\/\\\/porvoojazzfestival.com\\\/sv\\\/?s={search_term_string}\"},\"query-input\":{\"@type\":\"PropertyValueSpecification\",\"valueRequired\":true,\"valueName\":\"search_term_string\"}}],\"inLanguage\":\"sv-SE\"},{\"@type\":\"Organization\",\"@id\":\"https:\\\/\\\/porvoojazzfestival.com\\\/sv\\\/#organization\",\"name\":\"Porvoo Jazz Festival\",\"url\":\"https:\\\/\\\/porvoojazzfestival.com\\\/sv\\\/\",\"logo\":{\"@type\":\"ImageObject\",\"inLanguage\":\"sv-SE\",\"@id\":\"https:\\\/\\\/porvoojazzfestival.com\\\/sv\\\/#\\\/schema\\\/logo\\\/image\\\/\",\"url\":\"https:\\\/\\\/porvoojazzfestival.com\\\/wp-content\\\/uploads\\\/2025\\\/01\\\/cropped-Porvoo-Jazz-Festival-Favicon.png\",\"contentUrl\":\"https:\\\/\\\/porvoojazzfestival.com\\\/wp-content\\\/uploads\\\/2025\\\/01\\\/cropped-Porvoo-Jazz-Festival-Favicon.png\",\"width\":512,\"height\":512,\"caption\":\"Porvoo Jazz Festival\"},\"image\":{\"@id\":\"https:\\\/\\\/porvoojazzfestival.com\\\/sv\\\/#\\\/schema\\\/logo\\\/image\\\/\"},\"sameAs\":[\"https:\\\/\\\/www.facebook.com\\\/PorvooJazzFestival\\\/\",\"https:\\\/\\\/x.com\\\/porvoojazzfest\"]},{\"@type\":\"Person\",\"@id\":\"https:\\\/\\\/porvoojazzfestival.com\\\/sv\\\/#\\\/schema\\\/person\\\/a27a2522702a72037c4d46d70807e79c\",\"name\":\"Ulpu Hozjajenok\",\"image\":{\"@type\":\"ImageObject\",\"inLanguage\":\"sv-SE\",\"@id\":\"https:\\\/\\\/secure.gravatar.com\\\/avatar\\\/4eab8813ebc7881b9cf0e932655e45fb1b448b7c5d59d9330c799d4c33d06543?s=96&d=mm&r=g\",\"url\":\"https:\\\/\\\/secure.gravatar.com\\\/avatar\\\/4eab8813ebc7881b9cf0e932655e45fb1b448b7c5d59d9330c799d4c33d06543?s=96&d=mm&r=g\",\"contentUrl\":\"https:\\\/\\\/secure.gravatar.com\\\/avatar\\\/4eab8813ebc7881b9cf0e932655e45fb1b448b7c5d59d9330c799d4c33d06543?s=96&d=mm&r=g\",\"caption\":\"Ulpu Hozjajenok\"},\"url\":\"https:\\\/\\\/porvoojazzfestival.com\\\/sv\\\/author\\\/ulpu\\\/\"}]}<\/script>\n<!-- \/ Yoast SEO plugin. -->","yoast_head_json":{"title":"PORVOO JAZZ CLUB: Antila, Saastamoinen, M\u00e4kynen w\/ Ebba \u00c5sman (SE) - Porvoo Jazz Festival","robots":{"index":"index","follow":"follow","max-snippet":"max-snippet:-1","max-image-preview":"max-image-preview:large","max-video-preview":"max-video-preview:-1"},"canonical":"https:\/\/porvoojazzfestival.com\/sv\/porvoo-jazz-club-antila-saastamoinen-makynen-w-ebba-asman\/","og_locale":"sv_SE","og_type":"article","og_title":"PORVOO JAZZ CLUB: Antila, Saastamoinen, M\u00e4kynen w\/ Ebba \u00c5sman (SE) - Porvoo Jazz Festival","og_description":"P\u00e5 Porvoo Jazz Club kombinerar vibrafontalangen Mikko Antila, den unga basm\u00e4staren Mikael Saastamoinen och juggens kung Teppo M\u00e4kynen sina f\u00e4rdigheter med den svenska singer-songwritern och trombonisten Ebba \u00c5sman. \u00c5sman \u00e4r en unik talang och en stigande stj\u00e4rna i sitt eget land. Hon har studerat vid S\u00f6dra Latinskolan i Stockholm och Rotterdam Music Academy. \u00c5sman har [&hellip;]","og_url":"https:\/\/porvoojazzfestival.com\/sv\/porvoo-jazz-club-antila-saastamoinen-makynen-w-ebba-asman\/","og_site_name":"Porvoo Jazz Festival","article_publisher":"https:\/\/www.facebook.com\/PorvooJazzFestival\/","article_published_time":"2025-02-12T08:51:53+00:00","article_modified_time":"2025-02-27T12:30:24+00:00","og_image":[{"width":1800,"height":1800,"url":"https:\/\/porvoojazzfestival.com\/wp-content\/uploads\/2025\/02\/PH-ANY_EBBA_ASMAN_BACKCOVER-e1738670668805.jpg","type":"image\/jpeg"}],"author":"Ulpu Hozjajenok","twitter_card":"summary_large_image","twitter_creator":"@porvoojazzfest","twitter_site":"@porvoojazzfest","twitter_misc":{"Skriven av":"Ulpu Hozjajenok","Ber\u00e4knad l\u00e4stid":"1 minut"},"schema":{"@context":"https:\/\/schema.org","@graph":[{"@type":"Article","@id":"https:\/\/porvoojazzfestival.com\/sv\/porvoo-jazz-club-antila-saastamoinen-makynen-w-ebba-asman\/#article","isPartOf":{"@id":"https:\/\/porvoojazzfestival.com\/sv\/porvoo-jazz-club-antila-saastamoinen-makynen-w-ebba-asman\/"},"author":{"name":"Ulpu Hozjajenok","@id":"https:\/\/porvoojazzfestival.com\/sv\/#\/schema\/person\/a27a2522702a72037c4d46d70807e79c"},"headline":"PORVOO JAZZ CLUB: Antila, Saastamoinen, M\u00e4kynen w\/ Ebba \u00c5sman (SE)","datePublished":"2025-02-12T08:51:53+00:00","dateModified":"2025-02-27T12:30:24+00:00","mainEntityOfPage":{"@id":"https:\/\/porvoojazzfestival.com\/sv\/porvoo-jazz-club-antila-saastamoinen-makynen-w-ebba-asman\/"},"wordCount":186,"publisher":{"@id":"https:\/\/porvoojazzfestival.com\/sv\/#organization"},"image":{"@id":"https:\/\/porvoojazzfestival.com\/sv\/porvoo-jazz-club-antila-saastamoinen-makynen-w-ebba-asman\/#primaryimage"},"thumbnailUrl":"https:\/\/porvoojazzfestival.com\/wp-content\/uploads\/2025\/02\/PH-ANY_EBBA_ASMAN_BACKCOVER-e1738670668805.jpg","articleSection":["Artister 2024"],"inLanguage":"sv-SE"},{"@type":"WebPage","@id":"https:\/\/porvoojazzfestival.com\/sv\/porvoo-jazz-club-antila-saastamoinen-makynen-w-ebba-asman\/","url":"https:\/\/porvoojazzfestival.com\/sv\/porvoo-jazz-club-antila-saastamoinen-makynen-w-ebba-asman\/","name":"PORVOO JAZZ CLUB: Antila, Saastamoinen, M\u00e4kynen w\/ Ebba \u00c5sman (SE) - Porvoo Jazz Festival","isPartOf":{"@id":"https:\/\/porvoojazzfestival.com\/sv\/#website"},"primaryImageOfPage":{"@id":"https:\/\/porvoojazzfestival.com\/sv\/porvoo-jazz-club-antila-saastamoinen-makynen-w-ebba-asman\/#primaryimage"},"image":{"@id":"https:\/\/porvoojazzfestival.com\/sv\/porvoo-jazz-club-antila-saastamoinen-makynen-w-ebba-asman\/#primaryimage"},"thumbnailUrl":"https:\/\/porvoojazzfestival.com\/wp-content\/uploads\/2025\/02\/PH-ANY_EBBA_ASMAN_BACKCOVER-e1738670668805.jpg","datePublished":"2025-02-12T08:51:53+00:00","dateModified":"2025-02-27T12:30:24+00:00","breadcrumb":{"@id":"https:\/\/porvoojazzfestival.com\/sv\/porvoo-jazz-club-antila-saastamoinen-makynen-w-ebba-asman\/#breadcrumb"},"inLanguage":"sv-SE","potentialAction":[{"@type":"ReadAction","target":["https:\/\/porvoojazzfestival.com\/sv\/porvoo-jazz-club-antila-saastamoinen-makynen-w-ebba-asman\/"]}]},{"@type":"ImageObject","inLanguage":"sv-SE","@id":"https:\/\/porvoojazzfestival.com\/sv\/porvoo-jazz-club-antila-saastamoinen-makynen-w-ebba-asman\/#primaryimage","url":"https:\/\/porvoojazzfestival.com\/wp-content\/uploads\/2025\/02\/PH-ANY_EBBA_ASMAN_BACKCOVER-e1738670668805.jpg","contentUrl":"https:\/\/porvoojazzfestival.com\/wp-content\/uploads\/2025\/02\/PH-ANY_EBBA_ASMAN_BACKCOVER-e1738670668805.jpg","width":1800,"height":1800},{"@type":"BreadcrumbList","@id":"https:\/\/porvoojazzfestival.com\/sv\/porvoo-jazz-club-antila-saastamoinen-makynen-w-ebba-asman\/#breadcrumb","itemListElement":[{"@type":"ListItem","position":1,"name":"Home","item":"https:\/\/porvoojazzfestival.com\/sv\/"},{"@type":"ListItem","position":2,"name":"PORVOO JAZZ CLUB: Antila, Saastamoinen, M\u00e4kynen w\/ Ebba \u00c5sman (SE)"}]},{"@type":"WebSite","@id":"https:\/\/porvoojazzfestival.com\/sv\/#website","url":"https:\/\/porvoojazzfestival.com\/sv\/","name":"Porvoo Jazz Festival","description":"The Cosy Jazz Fest","publisher":{"@id":"https:\/\/porvoojazzfestival.com\/sv\/#organization"},"potentialAction":[{"@type":"SearchAction","target":{"@type":"EntryPoint","urlTemplate":"https:\/\/porvoojazzfestival.com\/sv\/?s={search_term_string}"},"query-input":{"@type":"PropertyValueSpecification","valueRequired":true,"valueName":"search_term_string"}}],"inLanguage":"sv-SE"},{"@type":"Organization","@id":"https:\/\/porvoojazzfestival.com\/sv\/#organization","name":"Porvoo Jazz Festival","url":"https:\/\/porvoojazzfestival.com\/sv\/","logo":{"@type":"ImageObject","inLanguage":"sv-SE","@id":"https:\/\/porvoojazzfestival.com\/sv\/#\/schema\/logo\/image\/","url":"https:\/\/porvoojazzfestival.com\/wp-content\/uploads\/2025\/01\/cropped-Porvoo-Jazz-Festival-Favicon.png","contentUrl":"https:\/\/porvoojazzfestival.com\/wp-content\/uploads\/2025\/01\/cropped-Porvoo-Jazz-Festival-Favicon.png","width":512,"height":512,"caption":"Porvoo Jazz Festival"},"image":{"@id":"https:\/\/porvoojazzfestival.com\/sv\/#\/schema\/logo\/image\/"},"sameAs":["https:\/\/www.facebook.com\/PorvooJazzFestival\/","https:\/\/x.com\/porvoojazzfest"]},{"@type":"Person","@id":"https:\/\/porvoojazzfestival.com\/sv\/#\/schema\/person\/a27a2522702a72037c4d46d70807e79c","name":"Ulpu Hozjajenok","image":{"@type":"ImageObject","inLanguage":"sv-SE","@id":"https:\/\/secure.gravatar.com\/avatar\/4eab8813ebc7881b9cf0e932655e45fb1b448b7c5d59d9330c799d4c33d06543?s=96&d=mm&r=g","url":"https:\/\/secure.gravatar.com\/avatar\/4eab8813ebc7881b9cf0e932655e45fb1b448b7c5d59d9330c799d4c33d06543?s=96&d=mm&r=g","contentUrl":"https:\/\/secure.gravatar.com\/avatar\/4eab8813ebc7881b9cf0e932655e45fb1b448b7c5d59d9330c799d4c33d06543?s=96&d=mm&r=g","caption":"Ulpu Hozjajenok"},"url":"https:\/\/porvoojazzfestival.com\/sv\/author\/ulpu\/"}]}},"_links":{"self":[{"href":"https:\/\/porvoojazzfestival.com\/sv\/wp-json\/wp\/v2\/posts\/11034","targetHints":{"allow":["GET"]}}],"collection":[{"href":"https:\/\/porvoojazzfestival.com\/sv\/wp-json\/wp\/v2\/posts"}],"about":[{"href":"https:\/\/porvoojazzfestival.com\/sv\/wp-json\/wp\/v2\/types\/post"}],"author":[{"embeddable":true,"href":"https:\/\/porvoojazzfestival.com\/sv\/wp-json\/wp\/v2\/users\/7"}],"replies":[{"embeddable":true,"href":"https:\/\/porvoojazzfestival.com\/sv\/wp-json\/wp\/v2\/comments?post=11034"}],"version-history":[{"count":0,"href":"https:\/\/porvoojazzfestival.com\/sv\/wp-json\/wp\/v2\/posts\/11034\/revisions"}],"wp:featuredmedia":[{"embeddable":true,"href":"https:\/\/porvoojazzfestival.com\/sv\/wp-json\/wp\/v2\/media\/10929"}],"wp:attachment":[{"href":"https:\/\/porvoojazzfestival.com\/sv\/wp-json\/wp\/v2\/media?parent=11034"}],"wp:term":[{"taxonomy":"category","embeddable":true,"href":"https:\/\/porvoojazzfestival.com\/sv\/wp-json\/wp\/v2\/categories?post=11034"},{"taxonomy":"post_tag","embeddable":true,"href":"https:\/\/porvoojazzfestival.com\/sv\/wp-json\/wp\/v2\/tags?post=11034"}],"curies":[{"name":"wp","href":"https:\/\/api.w.org\/{rel}","templated":true}]}}