{"id":11032,"date":"2025-02-12T10:22:55","date_gmt":"2025-02-12T08:22:55","guid":{"rendered":"https:\/\/porvoojazzfestival.com\/jonathan-backstrom-quartet\/"},"modified":"2025-02-12T10:22:56","modified_gmt":"2025-02-12T08:22:56","slug":"jonathan-backstrom-quartet","status":"publish","type":"post","link":"https:\/\/porvoojazzfestival.com\/sv\/jonathan-backstrom-quartet\/","title":{"rendered":"Jonathan B\u00e4ckstr\u00f6m Quartet"},"content":{"rendered":"\n<p>Porvoo Jazz Club kommer \u00e4n en g\u00e5ng att bjuda p\u00e5 nordisk jazz av h\u00f6g kvalitet. Jonathan B\u00e4ckstr\u00f6m Quartet \u00e4r en akustisk improviserande kvartett baserad i Helsingfors med medlemmar fr\u00e5n Finland och Sverige. Basisten\/komposit\u00f6ren Jonathan B\u00e4ckstr\u00f6m leder kvartetten och deras m\u00e5l \u00e4r att utforska och uppt\u00e4cka musiken som skapas i stunden. Kvartettens musikaliska spr\u00e5k v\u00e4xlar mellan minimalistiska och explosiva texturer, resultatet \u00e4r ett kraftfullt kollektivt uttryck. Gruppens debutalbum sl\u00e4pptes 2024 p\u00e5 det finl\u00e4ndska skivbolaget We Jazz Records och har f\u00e5tt uppm\u00e4rksamhet b\u00e5de i Finland och internationellt. Gruppen best\u00e5r av B\u00e4ckstr\u00f6m, saxofonisterna Adele Sauros och Marcus W\u00e4rnheim samt slagverkaren Benjamin Nylund, alla aktiva medlemmar p\u00e5 den livliga nordiska musikscenen.      <\/p>\n\n<p>Foto: Jonathan Terlinden<br\/><\/p>\n","protected":false},"excerpt":{"rendered":"<p>Porvoo Jazz Club kommer \u00e4n en g\u00e5ng att bjuda p\u00e5 nordisk jazz av h\u00f6g kvalitet. Jonathan B\u00e4ckstr\u00f6m Quartet \u00e4r en akustisk improviserande kvartett baserad i Helsingfors med medlemmar fr\u00e5n Finland och Sverige. Basisten\/komposit\u00f6ren Jonathan B\u00e4ckstr\u00f6m leder kvartetten och deras m\u00e5l \u00e4r att utforska och uppt\u00e4cka musiken som skapas i stunden. Kvartettens musikaliska spr\u00e5k v\u00e4xlar mellan [&hellip;]<\/p>\n","protected":false},"author":7,"featured_media":11044,"comment_status":"closed","ping_status":"closed","sticky":false,"template":"","format":"standard","meta":{"_acf_changed":false,"_et_pb_use_builder":"off","_et_pb_old_content":"","_et_gb_content_width":"","footnotes":""},"categories":[78],"tags":[],"class_list":["post-11032","post","type-post","status-publish","format-standard","has-post-thumbnail","hentry","category-artistit-2024-sv"],"acf":[],"yoast_head":"<!-- This site is optimized with the Yoast SEO plugin v27.4 - https:\/\/yoast.com\/product\/yoast-seo-wordpress\/ -->\n<title>Jonathan B\u00e4ckstr\u00f6m Quartet - Porvoo Jazz Festival<\/title>\n<meta name=\"robots\" content=\"index, follow, max-snippet:-1, max-image-preview:large, max-video-preview:-1\" \/>\n<link rel=\"canonical\" href=\"https:\/\/porvoojazzfestival.com\/sv\/jonathan-backstrom-quartet\/\" \/>\n<meta property=\"og:locale\" content=\"sv_SE\" \/>\n<meta property=\"og:type\" content=\"article\" \/>\n<meta property=\"og:title\" content=\"Jonathan B\u00e4ckstr\u00f6m Quartet - Porvoo Jazz Festival\" \/>\n<meta property=\"og:description\" content=\"Porvoo Jazz Club kommer \u00e4n en g\u00e5ng att bjuda p\u00e5 nordisk jazz av h\u00f6g kvalitet. Jonathan B\u00e4ckstr\u00f6m Quartet \u00e4r en akustisk improviserande kvartett baserad i Helsingfors med medlemmar fr\u00e5n Finland och Sverige. Basisten\/komposit\u00f6ren Jonathan B\u00e4ckstr\u00f6m leder kvartetten och deras m\u00e5l \u00e4r att utforska och uppt\u00e4cka musiken som skapas i stunden. Kvartettens musikaliska spr\u00e5k v\u00e4xlar mellan [&hellip;]\" \/>\n<meta property=\"og:url\" content=\"https:\/\/porvoojazzfestival.com\/sv\/jonathan-backstrom-quartet\/\" \/>\n<meta property=\"og:site_name\" content=\"Porvoo Jazz Festival\" \/>\n<meta property=\"article:publisher\" content=\"https:\/\/www.facebook.com\/PorvooJazzFestival\/\" \/>\n<meta property=\"article:published_time\" content=\"2025-02-12T08:22:55+00:00\" \/>\n<meta property=\"article:modified_time\" content=\"2025-02-12T08:22:56+00:00\" \/>\n<meta property=\"og:image\" content=\"https:\/\/porvoojazzfestival.com\/wp-content\/uploads\/2025\/02\/446a2474-105e-4824-adc4-a8ed02ff6562-e1739269985515.jpg\" \/>\n\t<meta property=\"og:image:width\" content=\"2048\" \/>\n\t<meta property=\"og:image:height\" content=\"1365\" \/>\n\t<meta property=\"og:image:type\" content=\"image\/jpeg\" \/>\n<meta name=\"author\" content=\"Ulpu Hozjajenok\" \/>\n<meta name=\"twitter:card\" content=\"summary_large_image\" \/>\n<meta name=\"twitter:creator\" content=\"@porvoojazzfest\" \/>\n<meta name=\"twitter:site\" content=\"@porvoojazzfest\" \/>\n<meta name=\"twitter:label1\" content=\"Skriven av\" \/>\n\t<meta name=\"twitter:data1\" content=\"Ulpu Hozjajenok\" \/>\n\t<meta name=\"twitter:label2\" content=\"Ber\u00e4knad l\u00e4stid\" \/>\n\t<meta name=\"twitter:data2\" content=\"1 minut\" \/>\n<script type=\"application\/ld+json\" class=\"yoast-schema-graph\">{\"@context\":\"https:\\\/\\\/schema.org\",\"@graph\":[{\"@type\":\"Article\",\"@id\":\"https:\\\/\\\/porvoojazzfestival.com\\\/sv\\\/jonathan-backstrom-quartet\\\/#article\",\"isPartOf\":{\"@id\":\"https:\\\/\\\/porvoojazzfestival.com\\\/sv\\\/jonathan-backstrom-quartet\\\/\"},\"author\":{\"name\":\"Ulpu Hozjajenok\",\"@id\":\"https:\\\/\\\/porvoojazzfestival.com\\\/sv\\\/#\\\/schema\\\/person\\\/a27a2522702a72037c4d46d70807e79c\"},\"headline\":\"Jonathan B\u00e4ckstr\u00f6m Quartet\",\"datePublished\":\"2025-02-12T08:22:55+00:00\",\"dateModified\":\"2025-02-12T08:22:56+00:00\",\"mainEntityOfPage\":{\"@id\":\"https:\\\/\\\/porvoojazzfestival.com\\\/sv\\\/jonathan-backstrom-quartet\\\/\"},\"wordCount\":136,\"publisher\":{\"@id\":\"https:\\\/\\\/porvoojazzfestival.com\\\/sv\\\/#organization\"},\"image\":{\"@id\":\"https:\\\/\\\/porvoojazzfestival.com\\\/sv\\\/jonathan-backstrom-quartet\\\/#primaryimage\"},\"thumbnailUrl\":\"https:\\\/\\\/porvoojazzfestival.com\\\/wp-content\\\/uploads\\\/2025\\\/02\\\/Nr.3.photo_-Jonathan-Terlinden-e1739362459293.jpeg\",\"articleSection\":[\"Artister 2024\"],\"inLanguage\":\"sv-SE\"},{\"@type\":\"WebPage\",\"@id\":\"https:\\\/\\\/porvoojazzfestival.com\\\/sv\\\/jonathan-backstrom-quartet\\\/\",\"url\":\"https:\\\/\\\/porvoojazzfestival.com\\\/sv\\\/jonathan-backstrom-quartet\\\/\",\"name\":\"Jonathan B\u00e4ckstr\u00f6m Quartet - Porvoo Jazz Festival\",\"isPartOf\":{\"@id\":\"https:\\\/\\\/porvoojazzfestival.com\\\/sv\\\/#website\"},\"primaryImageOfPage\":{\"@id\":\"https:\\\/\\\/porvoojazzfestival.com\\\/sv\\\/jonathan-backstrom-quartet\\\/#primaryimage\"},\"image\":{\"@id\":\"https:\\\/\\\/porvoojazzfestival.com\\\/sv\\\/jonathan-backstrom-quartet\\\/#primaryimage\"},\"thumbnailUrl\":\"https:\\\/\\\/porvoojazzfestival.com\\\/wp-content\\\/uploads\\\/2025\\\/02\\\/Nr.3.photo_-Jonathan-Terlinden-e1739362459293.jpeg\",\"datePublished\":\"2025-02-12T08:22:55+00:00\",\"dateModified\":\"2025-02-12T08:22:56+00:00\",\"breadcrumb\":{\"@id\":\"https:\\\/\\\/porvoojazzfestival.com\\\/sv\\\/jonathan-backstrom-quartet\\\/#breadcrumb\"},\"inLanguage\":\"sv-SE\",\"potentialAction\":[{\"@type\":\"ReadAction\",\"target\":[\"https:\\\/\\\/porvoojazzfestival.com\\\/sv\\\/jonathan-backstrom-quartet\\\/\"]}]},{\"@type\":\"ImageObject\",\"inLanguage\":\"sv-SE\",\"@id\":\"https:\\\/\\\/porvoojazzfestival.com\\\/sv\\\/jonathan-backstrom-quartet\\\/#primaryimage\",\"url\":\"https:\\\/\\\/porvoojazzfestival.com\\\/wp-content\\\/uploads\\\/2025\\\/02\\\/Nr.3.photo_-Jonathan-Terlinden-e1739362459293.jpeg\",\"contentUrl\":\"https:\\\/\\\/porvoojazzfestival.com\\\/wp-content\\\/uploads\\\/2025\\\/02\\\/Nr.3.photo_-Jonathan-Terlinden-e1739362459293.jpeg\",\"width\":2000,\"height\":2500},{\"@type\":\"BreadcrumbList\",\"@id\":\"https:\\\/\\\/porvoojazzfestival.com\\\/sv\\\/jonathan-backstrom-quartet\\\/#breadcrumb\",\"itemListElement\":[{\"@type\":\"ListItem\",\"position\":1,\"name\":\"Home\",\"item\":\"https:\\\/\\\/porvoojazzfestival.com\\\/sv\\\/\"},{\"@type\":\"ListItem\",\"position\":2,\"name\":\"Jonathan B\u00e4ckstr\u00f6m Quartet\"}]},{\"@type\":\"WebSite\",\"@id\":\"https:\\\/\\\/porvoojazzfestival.com\\\/sv\\\/#website\",\"url\":\"https:\\\/\\\/porvoojazzfestival.com\\\/sv\\\/\",\"name\":\"Porvoo Jazz Festival\",\"description\":\"The Cosy Jazz Fest\",\"publisher\":{\"@id\":\"https:\\\/\\\/porvoojazzfestival.com\\\/sv\\\/#organization\"},\"potentialAction\":[{\"@type\":\"SearchAction\",\"target\":{\"@type\":\"EntryPoint\",\"urlTemplate\":\"https:\\\/\\\/porvoojazzfestival.com\\\/sv\\\/?s={search_term_string}\"},\"query-input\":{\"@type\":\"PropertyValueSpecification\",\"valueRequired\":true,\"valueName\":\"search_term_string\"}}],\"inLanguage\":\"sv-SE\"},{\"@type\":\"Organization\",\"@id\":\"https:\\\/\\\/porvoojazzfestival.com\\\/sv\\\/#organization\",\"name\":\"Porvoo Jazz Festival\",\"url\":\"https:\\\/\\\/porvoojazzfestival.com\\\/sv\\\/\",\"logo\":{\"@type\":\"ImageObject\",\"inLanguage\":\"sv-SE\",\"@id\":\"https:\\\/\\\/porvoojazzfestival.com\\\/sv\\\/#\\\/schema\\\/logo\\\/image\\\/\",\"url\":\"https:\\\/\\\/porvoojazzfestival.com\\\/wp-content\\\/uploads\\\/2025\\\/01\\\/cropped-Porvoo-Jazz-Festival-Favicon.png\",\"contentUrl\":\"https:\\\/\\\/porvoojazzfestival.com\\\/wp-content\\\/uploads\\\/2025\\\/01\\\/cropped-Porvoo-Jazz-Festival-Favicon.png\",\"width\":512,\"height\":512,\"caption\":\"Porvoo Jazz Festival\"},\"image\":{\"@id\":\"https:\\\/\\\/porvoojazzfestival.com\\\/sv\\\/#\\\/schema\\\/logo\\\/image\\\/\"},\"sameAs\":[\"https:\\\/\\\/www.facebook.com\\\/PorvooJazzFestival\\\/\",\"https:\\\/\\\/x.com\\\/porvoojazzfest\"]},{\"@type\":\"Person\",\"@id\":\"https:\\\/\\\/porvoojazzfestival.com\\\/sv\\\/#\\\/schema\\\/person\\\/a27a2522702a72037c4d46d70807e79c\",\"name\":\"Ulpu Hozjajenok\",\"image\":{\"@type\":\"ImageObject\",\"inLanguage\":\"sv-SE\",\"@id\":\"https:\\\/\\\/secure.gravatar.com\\\/avatar\\\/4eab8813ebc7881b9cf0e932655e45fb1b448b7c5d59d9330c799d4c33d06543?s=96&d=mm&r=g\",\"url\":\"https:\\\/\\\/secure.gravatar.com\\\/avatar\\\/4eab8813ebc7881b9cf0e932655e45fb1b448b7c5d59d9330c799d4c33d06543?s=96&d=mm&r=g\",\"contentUrl\":\"https:\\\/\\\/secure.gravatar.com\\\/avatar\\\/4eab8813ebc7881b9cf0e932655e45fb1b448b7c5d59d9330c799d4c33d06543?s=96&d=mm&r=g\",\"caption\":\"Ulpu Hozjajenok\"},\"url\":\"https:\\\/\\\/porvoojazzfestival.com\\\/sv\\\/author\\\/ulpu\\\/\"}]}<\/script>\n<!-- \/ Yoast SEO plugin. -->","yoast_head_json":{"title":"Jonathan B\u00e4ckstr\u00f6m Quartet - Porvoo Jazz Festival","robots":{"index":"index","follow":"follow","max-snippet":"max-snippet:-1","max-image-preview":"max-image-preview:large","max-video-preview":"max-video-preview:-1"},"canonical":"https:\/\/porvoojazzfestival.com\/sv\/jonathan-backstrom-quartet\/","og_locale":"sv_SE","og_type":"article","og_title":"Jonathan B\u00e4ckstr\u00f6m Quartet - Porvoo Jazz Festival","og_description":"Porvoo Jazz Club kommer \u00e4n en g\u00e5ng att bjuda p\u00e5 nordisk jazz av h\u00f6g kvalitet. Jonathan B\u00e4ckstr\u00f6m Quartet \u00e4r en akustisk improviserande kvartett baserad i Helsingfors med medlemmar fr\u00e5n Finland och Sverige. Basisten\/komposit\u00f6ren Jonathan B\u00e4ckstr\u00f6m leder kvartetten och deras m\u00e5l \u00e4r att utforska och uppt\u00e4cka musiken som skapas i stunden. Kvartettens musikaliska spr\u00e5k v\u00e4xlar mellan [&hellip;]","og_url":"https:\/\/porvoojazzfestival.com\/sv\/jonathan-backstrom-quartet\/","og_site_name":"Porvoo Jazz Festival","article_publisher":"https:\/\/www.facebook.com\/PorvooJazzFestival\/","article_published_time":"2025-02-12T08:22:55+00:00","article_modified_time":"2025-02-12T08:22:56+00:00","og_image":[{"width":2048,"height":1365,"url":"https:\/\/porvoojazzfestival.com\/wp-content\/uploads\/2025\/02\/446a2474-105e-4824-adc4-a8ed02ff6562-e1739269985515.jpg","type":"image\/jpeg"}],"author":"Ulpu Hozjajenok","twitter_card":"summary_large_image","twitter_creator":"@porvoojazzfest","twitter_site":"@porvoojazzfest","twitter_misc":{"Skriven av":"Ulpu Hozjajenok","Ber\u00e4knad l\u00e4stid":"1 minut"},"schema":{"@context":"https:\/\/schema.org","@graph":[{"@type":"Article","@id":"https:\/\/porvoojazzfestival.com\/sv\/jonathan-backstrom-quartet\/#article","isPartOf":{"@id":"https:\/\/porvoojazzfestival.com\/sv\/jonathan-backstrom-quartet\/"},"author":{"name":"Ulpu Hozjajenok","@id":"https:\/\/porvoojazzfestival.com\/sv\/#\/schema\/person\/a27a2522702a72037c4d46d70807e79c"},"headline":"Jonathan B\u00e4ckstr\u00f6m Quartet","datePublished":"2025-02-12T08:22:55+00:00","dateModified":"2025-02-12T08:22:56+00:00","mainEntityOfPage":{"@id":"https:\/\/porvoojazzfestival.com\/sv\/jonathan-backstrom-quartet\/"},"wordCount":136,"publisher":{"@id":"https:\/\/porvoojazzfestival.com\/sv\/#organization"},"image":{"@id":"https:\/\/porvoojazzfestival.com\/sv\/jonathan-backstrom-quartet\/#primaryimage"},"thumbnailUrl":"https:\/\/porvoojazzfestival.com\/wp-content\/uploads\/2025\/02\/Nr.3.photo_-Jonathan-Terlinden-e1739362459293.jpeg","articleSection":["Artister 2024"],"inLanguage":"sv-SE"},{"@type":"WebPage","@id":"https:\/\/porvoojazzfestival.com\/sv\/jonathan-backstrom-quartet\/","url":"https:\/\/porvoojazzfestival.com\/sv\/jonathan-backstrom-quartet\/","name":"Jonathan B\u00e4ckstr\u00f6m Quartet - Porvoo Jazz Festival","isPartOf":{"@id":"https:\/\/porvoojazzfestival.com\/sv\/#website"},"primaryImageOfPage":{"@id":"https:\/\/porvoojazzfestival.com\/sv\/jonathan-backstrom-quartet\/#primaryimage"},"image":{"@id":"https:\/\/porvoojazzfestival.com\/sv\/jonathan-backstrom-quartet\/#primaryimage"},"thumbnailUrl":"https:\/\/porvoojazzfestival.com\/wp-content\/uploads\/2025\/02\/Nr.3.photo_-Jonathan-Terlinden-e1739362459293.jpeg","datePublished":"2025-02-12T08:22:55+00:00","dateModified":"2025-02-12T08:22:56+00:00","breadcrumb":{"@id":"https:\/\/porvoojazzfestival.com\/sv\/jonathan-backstrom-quartet\/#breadcrumb"},"inLanguage":"sv-SE","potentialAction":[{"@type":"ReadAction","target":["https:\/\/porvoojazzfestival.com\/sv\/jonathan-backstrom-quartet\/"]}]},{"@type":"ImageObject","inLanguage":"sv-SE","@id":"https:\/\/porvoojazzfestival.com\/sv\/jonathan-backstrom-quartet\/#primaryimage","url":"https:\/\/porvoojazzfestival.com\/wp-content\/uploads\/2025\/02\/Nr.3.photo_-Jonathan-Terlinden-e1739362459293.jpeg","contentUrl":"https:\/\/porvoojazzfestival.com\/wp-content\/uploads\/2025\/02\/Nr.3.photo_-Jonathan-Terlinden-e1739362459293.jpeg","width":2000,"height":2500},{"@type":"BreadcrumbList","@id":"https:\/\/porvoojazzfestival.com\/sv\/jonathan-backstrom-quartet\/#breadcrumb","itemListElement":[{"@type":"ListItem","position":1,"name":"Home","item":"https:\/\/porvoojazzfestival.com\/sv\/"},{"@type":"ListItem","position":2,"name":"Jonathan B\u00e4ckstr\u00f6m Quartet"}]},{"@type":"WebSite","@id":"https:\/\/porvoojazzfestival.com\/sv\/#website","url":"https:\/\/porvoojazzfestival.com\/sv\/","name":"Porvoo Jazz Festival","description":"The Cosy Jazz Fest","publisher":{"@id":"https:\/\/porvoojazzfestival.com\/sv\/#organization"},"potentialAction":[{"@type":"SearchAction","target":{"@type":"EntryPoint","urlTemplate":"https:\/\/porvoojazzfestival.com\/sv\/?s={search_term_string}"},"query-input":{"@type":"PropertyValueSpecification","valueRequired":true,"valueName":"search_term_string"}}],"inLanguage":"sv-SE"},{"@type":"Organization","@id":"https:\/\/porvoojazzfestival.com\/sv\/#organization","name":"Porvoo Jazz Festival","url":"https:\/\/porvoojazzfestival.com\/sv\/","logo":{"@type":"ImageObject","inLanguage":"sv-SE","@id":"https:\/\/porvoojazzfestival.com\/sv\/#\/schema\/logo\/image\/","url":"https:\/\/porvoojazzfestival.com\/wp-content\/uploads\/2025\/01\/cropped-Porvoo-Jazz-Festival-Favicon.png","contentUrl":"https:\/\/porvoojazzfestival.com\/wp-content\/uploads\/2025\/01\/cropped-Porvoo-Jazz-Festival-Favicon.png","width":512,"height":512,"caption":"Porvoo Jazz Festival"},"image":{"@id":"https:\/\/porvoojazzfestival.com\/sv\/#\/schema\/logo\/image\/"},"sameAs":["https:\/\/www.facebook.com\/PorvooJazzFestival\/","https:\/\/x.com\/porvoojazzfest"]},{"@type":"Person","@id":"https:\/\/porvoojazzfestival.com\/sv\/#\/schema\/person\/a27a2522702a72037c4d46d70807e79c","name":"Ulpu Hozjajenok","image":{"@type":"ImageObject","inLanguage":"sv-SE","@id":"https:\/\/secure.gravatar.com\/avatar\/4eab8813ebc7881b9cf0e932655e45fb1b448b7c5d59d9330c799d4c33d06543?s=96&d=mm&r=g","url":"https:\/\/secure.gravatar.com\/avatar\/4eab8813ebc7881b9cf0e932655e45fb1b448b7c5d59d9330c799d4c33d06543?s=96&d=mm&r=g","contentUrl":"https:\/\/secure.gravatar.com\/avatar\/4eab8813ebc7881b9cf0e932655e45fb1b448b7c5d59d9330c799d4c33d06543?s=96&d=mm&r=g","caption":"Ulpu Hozjajenok"},"url":"https:\/\/porvoojazzfestival.com\/sv\/author\/ulpu\/"}]}},"_links":{"self":[{"href":"https:\/\/porvoojazzfestival.com\/sv\/wp-json\/wp\/v2\/posts\/11032","targetHints":{"allow":["GET"]}}],"collection":[{"href":"https:\/\/porvoojazzfestival.com\/sv\/wp-json\/wp\/v2\/posts"}],"about":[{"href":"https:\/\/porvoojazzfestival.com\/sv\/wp-json\/wp\/v2\/types\/post"}],"author":[{"embeddable":true,"href":"https:\/\/porvoojazzfestival.com\/sv\/wp-json\/wp\/v2\/users\/7"}],"replies":[{"embeddable":true,"href":"https:\/\/porvoojazzfestival.com\/sv\/wp-json\/wp\/v2\/comments?post=11032"}],"version-history":[{"count":0,"href":"https:\/\/porvoojazzfestival.com\/sv\/wp-json\/wp\/v2\/posts\/11032\/revisions"}],"wp:featuredmedia":[{"embeddable":true,"href":"https:\/\/porvoojazzfestival.com\/sv\/wp-json\/wp\/v2\/media\/11044"}],"wp:attachment":[{"href":"https:\/\/porvoojazzfestival.com\/sv\/wp-json\/wp\/v2\/media?parent=11032"}],"wp:term":[{"taxonomy":"category","embeddable":true,"href":"https:\/\/porvoojazzfestival.com\/sv\/wp-json\/wp\/v2\/categories?post=11032"},{"taxonomy":"post_tag","embeddable":true,"href":"https:\/\/porvoojazzfestival.com\/sv\/wp-json\/wp\/v2\/tags?post=11032"}],"curies":[{"name":"wp","href":"https:\/\/api.w.org\/{rel}","templated":true}]}}