{"id":10655,"date":"2024-11-11T15:56:37","date_gmt":"2024-11-11T13:56:37","guid":{"rendered":"https:\/\/porvoojazzfestival.com\/porvoo-jazz-club-goes-bosgard-perilla\/"},"modified":"2024-11-11T15:56:38","modified_gmt":"2024-11-11T13:56:38","slug":"porvoo-jazz-club-goes-bosgard-perilla","status":"publish","type":"post","link":"https:\/\/porvoojazzfestival.com\/sv\/porvoo-jazz-club-goes-bosgard-perilla\/","title":{"rendered":"Porvoo Jazz Club Goes Bosg\u00e5rd: Perill\u00e4"},"content":{"rendered":"\n<p>Porvoo Jazz Club \u00e5terv\u00e4nder till sommarst\u00e4mningar och intar den st\u00e4mningsfulla h\u00f6ladan p\u00e5 Suomen Luomutila Bosg\u00e5rd. F\u00f6r alla jazz\u00e4lskare erbjuds b\u00e5de kroppslig och sj\u00e4lslig n\u00e4ring n\u00e4r det finns m\u00f6jlighet att \u00e4ta under konserten. Den h\u00e4r g\u00e5ngen kliver en ensemble med internationell toppjazz upp p\u00e5 scenen, s\u00e5 biljetterna \u00e4r bra att skaffa i god tid!  <\/p>\n\n<p>Det prisbel\u00f6nta new yorkiska trummisen Joe Peris band Perill\u00e4 blandar en h\u00e4nf\u00f6rande groove, jazziga melodier och \u00f6verraskande rytmer med fyra virtuosiska musiker, vilket skapar en imponerande och sv\u00e4ngig helhet. I det finslipade bandet, grundat i Helsingfors \u00e5r 2020, spelar kompinstrumentalisten Kaisa M\u00e4ensivu och Joe Peri samt de fantastiska saxofonisterna Max Zenger och Joonatan Rautio, vars spelstilar skapar en ov\u00e4ntad och kompletterande musikalisk v\u00e4rld. Ensemblets gemensamma str\u00e4van \u00e4r att skapa en upplevelse d\u00e4r b\u00e5de lyssnaren och musikern k\u00e4nner sig &#8221;Perill\u00e4&#8221;; p\u00e5 en plats d\u00e4r endast den klingande musiken har betydelse. Biljetten kan k\u00f6pas med hamburgarmiddag (burgarbuff\u00e9) eller utan. Det finns ocks\u00e5 en vegetarisk alternativ med Portobelloburgare.     <\/p>\n\n<p>D\u00f6rrarna \u00f6ppnas till h\u00f6ladan kl. 18.00, burgarbuff\u00e9n kl. 18.30, konserten b\u00f6rjar kl. 19.00.<\/p>\n\n<p>Biljett + husets hamburgare: 30 \u20ac \/ vuxen (om du vill ha det vegetariska alternativet, v\u00e4lj det i biljettbutiken: Portobelloburgare + biljett)<br\/>Biljett + husets hamburgare: 20 \u20ac \/ barn (7-16 \u00e5r)<br\/>Barn 0-6 \u00e5r gratis intr\u00e4de. Endast barnburgarbiljett: 10 \u20ac (0-6 \u00e5r)<br\/>Endast biljett vuxen: 15 \u20ac<br\/>Endast biljett barn (7-16 \u00e5r): 10 \u20ac<br\/>Barn 0-6 \u00e5r gratis intr\u00e4de. <\/p>\n","protected":false},"excerpt":{"rendered":"<p>Porvoo Jazz Club \u00e5terv\u00e4nder till sommarst\u00e4mningar och intar den st\u00e4mningsfulla h\u00f6ladan p\u00e5 Suomen Luomutila Bosg\u00e5rd. F\u00f6r alla jazz\u00e4lskare erbjuds b\u00e5de kroppslig och sj\u00e4lslig n\u00e4ring n\u00e4r det finns m\u00f6jlighet att \u00e4ta under konserten. Den h\u00e4r g\u00e5ngen kliver en ensemble med internationell toppjazz upp p\u00e5 scenen, s\u00e5 biljetterna \u00e4r bra att skaffa i god tid! Det prisbel\u00f6nta [&hellip;]<\/p>\n","protected":false},"author":7,"featured_media":10181,"comment_status":"closed","ping_status":"closed","sticky":false,"template":"","format":"standard","meta":{"_acf_changed":false,"_et_pb_use_builder":"off","_et_pb_old_content":"","_et_gb_content_width":"","footnotes":""},"categories":[62,78],"tags":[],"class_list":["post-10655","post","type-post","status-publish","format-standard","has-post-thumbnail","hentry","category-artist-sv","category-artistit-2024-sv"],"acf":[],"yoast_head":"<!-- This site is optimized with the Yoast SEO plugin v27.4 - https:\/\/yoast.com\/product\/yoast-seo-wordpress\/ -->\n<title>Porvoo Jazz Club Goes Bosg\u00e5rd: Perill\u00e4 - Porvoo Jazz Festival<\/title>\n<meta name=\"robots\" content=\"index, follow, max-snippet:-1, max-image-preview:large, max-video-preview:-1\" \/>\n<link rel=\"canonical\" href=\"https:\/\/porvoojazzfestival.com\/sv\/porvoo-jazz-club-goes-bosgard-perilla\/\" \/>\n<meta property=\"og:locale\" content=\"sv_SE\" \/>\n<meta property=\"og:type\" content=\"article\" \/>\n<meta property=\"og:title\" content=\"Porvoo Jazz Club Goes Bosg\u00e5rd: Perill\u00e4 - Porvoo Jazz Festival\" \/>\n<meta property=\"og:description\" content=\"Porvoo Jazz Club \u00e5terv\u00e4nder till sommarst\u00e4mningar och intar den st\u00e4mningsfulla h\u00f6ladan p\u00e5 Suomen Luomutila Bosg\u00e5rd. F\u00f6r alla jazz\u00e4lskare erbjuds b\u00e5de kroppslig och sj\u00e4lslig n\u00e4ring n\u00e4r det finns m\u00f6jlighet att \u00e4ta under konserten. Den h\u00e4r g\u00e5ngen kliver en ensemble med internationell toppjazz upp p\u00e5 scenen, s\u00e5 biljetterna \u00e4r bra att skaffa i god tid! Det prisbel\u00f6nta [&hellip;]\" \/>\n<meta property=\"og:url\" content=\"https:\/\/porvoojazzfestival.com\/sv\/porvoo-jazz-club-goes-bosgard-perilla\/\" \/>\n<meta property=\"og:site_name\" content=\"Porvoo Jazz Festival\" \/>\n<meta property=\"article:publisher\" content=\"https:\/\/www.facebook.com\/PorvooJazzFestival\/\" \/>\n<meta property=\"article:published_time\" content=\"2024-11-11T13:56:37+00:00\" \/>\n<meta property=\"article:modified_time\" content=\"2024-11-11T13:56:38+00:00\" \/>\n<meta property=\"og:image\" content=\"https:\/\/porvoojazzfestival.com\/wp-content\/uploads\/2024\/06\/Perilla-by-Aini-Maensivu-larger-file-scaled.jpeg\" \/>\n\t<meta property=\"og:image:width\" content=\"2560\" \/>\n\t<meta property=\"og:image:height\" content=\"1920\" \/>\n\t<meta property=\"og:image:type\" content=\"image\/jpeg\" \/>\n<meta name=\"author\" content=\"Ulpu Hozjajenok\" \/>\n<meta name=\"twitter:card\" content=\"summary_large_image\" \/>\n<meta name=\"twitter:creator\" content=\"@porvoojazzfest\" \/>\n<meta name=\"twitter:site\" content=\"@porvoojazzfest\" \/>\n<meta name=\"twitter:label1\" content=\"Skriven av\" \/>\n\t<meta name=\"twitter:data1\" content=\"Ulpu Hozjajenok\" \/>\n\t<meta name=\"twitter:label2\" content=\"Ber\u00e4knad l\u00e4stid\" \/>\n\t<meta name=\"twitter:data2\" content=\"1 minut\" \/>\n<script type=\"application\/ld+json\" class=\"yoast-schema-graph\">{\"@context\":\"https:\\\/\\\/schema.org\",\"@graph\":[{\"@type\":\"Article\",\"@id\":\"https:\\\/\\\/porvoojazzfestival.com\\\/sv\\\/porvoo-jazz-club-goes-bosgard-perilla\\\/#article\",\"isPartOf\":{\"@id\":\"https:\\\/\\\/porvoojazzfestival.com\\\/sv\\\/porvoo-jazz-club-goes-bosgard-perilla\\\/\"},\"author\":{\"name\":\"Ulpu Hozjajenok\",\"@id\":\"https:\\\/\\\/porvoojazzfestival.com\\\/sv\\\/#\\\/schema\\\/person\\\/a27a2522702a72037c4d46d70807e79c\"},\"headline\":\"Porvoo Jazz Club Goes Bosg\u00e5rd: Perill\u00e4\",\"datePublished\":\"2024-11-11T13:56:37+00:00\",\"dateModified\":\"2024-11-11T13:56:38+00:00\",\"mainEntityOfPage\":{\"@id\":\"https:\\\/\\\/porvoojazzfestival.com\\\/sv\\\/porvoo-jazz-club-goes-bosgard-perilla\\\/\"},\"wordCount\":253,\"publisher\":{\"@id\":\"https:\\\/\\\/porvoojazzfestival.com\\\/sv\\\/#organization\"},\"image\":{\"@id\":\"https:\\\/\\\/porvoojazzfestival.com\\\/sv\\\/porvoo-jazz-club-goes-bosgard-perilla\\\/#primaryimage\"},\"thumbnailUrl\":\"https:\\\/\\\/porvoojazzfestival.com\\\/wp-content\\\/uploads\\\/2024\\\/06\\\/Perilla-by-Aini-Maensivu-larger-file-scaled.jpeg\",\"articleSection\":[\"Artist\",\"Artister 2024\"],\"inLanguage\":\"sv-SE\"},{\"@type\":\"WebPage\",\"@id\":\"https:\\\/\\\/porvoojazzfestival.com\\\/sv\\\/porvoo-jazz-club-goes-bosgard-perilla\\\/\",\"url\":\"https:\\\/\\\/porvoojazzfestival.com\\\/sv\\\/porvoo-jazz-club-goes-bosgard-perilla\\\/\",\"name\":\"Porvoo Jazz Club Goes Bosg\u00e5rd: Perill\u00e4 - Porvoo Jazz Festival\",\"isPartOf\":{\"@id\":\"https:\\\/\\\/porvoojazzfestival.com\\\/sv\\\/#website\"},\"primaryImageOfPage\":{\"@id\":\"https:\\\/\\\/porvoojazzfestival.com\\\/sv\\\/porvoo-jazz-club-goes-bosgard-perilla\\\/#primaryimage\"},\"image\":{\"@id\":\"https:\\\/\\\/porvoojazzfestival.com\\\/sv\\\/porvoo-jazz-club-goes-bosgard-perilla\\\/#primaryimage\"},\"thumbnailUrl\":\"https:\\\/\\\/porvoojazzfestival.com\\\/wp-content\\\/uploads\\\/2024\\\/06\\\/Perilla-by-Aini-Maensivu-larger-file-scaled.jpeg\",\"datePublished\":\"2024-11-11T13:56:37+00:00\",\"dateModified\":\"2024-11-11T13:56:38+00:00\",\"breadcrumb\":{\"@id\":\"https:\\\/\\\/porvoojazzfestival.com\\\/sv\\\/porvoo-jazz-club-goes-bosgard-perilla\\\/#breadcrumb\"},\"inLanguage\":\"sv-SE\",\"potentialAction\":[{\"@type\":\"ReadAction\",\"target\":[\"https:\\\/\\\/porvoojazzfestival.com\\\/sv\\\/porvoo-jazz-club-goes-bosgard-perilla\\\/\"]}]},{\"@type\":\"ImageObject\",\"inLanguage\":\"sv-SE\",\"@id\":\"https:\\\/\\\/porvoojazzfestival.com\\\/sv\\\/porvoo-jazz-club-goes-bosgard-perilla\\\/#primaryimage\",\"url\":\"https:\\\/\\\/porvoojazzfestival.com\\\/wp-content\\\/uploads\\\/2024\\\/06\\\/Perilla-by-Aini-Maensivu-larger-file-scaled.jpeg\",\"contentUrl\":\"https:\\\/\\\/porvoojazzfestival.com\\\/wp-content\\\/uploads\\\/2024\\\/06\\\/Perilla-by-Aini-Maensivu-larger-file-scaled.jpeg\",\"width\":2560,\"height\":1920},{\"@type\":\"BreadcrumbList\",\"@id\":\"https:\\\/\\\/porvoojazzfestival.com\\\/sv\\\/porvoo-jazz-club-goes-bosgard-perilla\\\/#breadcrumb\",\"itemListElement\":[{\"@type\":\"ListItem\",\"position\":1,\"name\":\"Home\",\"item\":\"https:\\\/\\\/porvoojazzfestival.com\\\/sv\\\/\"},{\"@type\":\"ListItem\",\"position\":2,\"name\":\"Porvoo Jazz Club Goes Bosg\u00e5rd: Perill\u00e4\"}]},{\"@type\":\"WebSite\",\"@id\":\"https:\\\/\\\/porvoojazzfestival.com\\\/sv\\\/#website\",\"url\":\"https:\\\/\\\/porvoojazzfestival.com\\\/sv\\\/\",\"name\":\"Porvoo Jazz Festival\",\"description\":\"The Cosy Jazz Fest\",\"publisher\":{\"@id\":\"https:\\\/\\\/porvoojazzfestival.com\\\/sv\\\/#organization\"},\"potentialAction\":[{\"@type\":\"SearchAction\",\"target\":{\"@type\":\"EntryPoint\",\"urlTemplate\":\"https:\\\/\\\/porvoojazzfestival.com\\\/sv\\\/?s={search_term_string}\"},\"query-input\":{\"@type\":\"PropertyValueSpecification\",\"valueRequired\":true,\"valueName\":\"search_term_string\"}}],\"inLanguage\":\"sv-SE\"},{\"@type\":\"Organization\",\"@id\":\"https:\\\/\\\/porvoojazzfestival.com\\\/sv\\\/#organization\",\"name\":\"Porvoo Jazz Festival\",\"url\":\"https:\\\/\\\/porvoojazzfestival.com\\\/sv\\\/\",\"logo\":{\"@type\":\"ImageObject\",\"inLanguage\":\"sv-SE\",\"@id\":\"https:\\\/\\\/porvoojazzfestival.com\\\/sv\\\/#\\\/schema\\\/logo\\\/image\\\/\",\"url\":\"https:\\\/\\\/porvoojazzfestival.com\\\/wp-content\\\/uploads\\\/2025\\\/01\\\/cropped-Porvoo-Jazz-Festival-Favicon.png\",\"contentUrl\":\"https:\\\/\\\/porvoojazzfestival.com\\\/wp-content\\\/uploads\\\/2025\\\/01\\\/cropped-Porvoo-Jazz-Festival-Favicon.png\",\"width\":512,\"height\":512,\"caption\":\"Porvoo Jazz Festival\"},\"image\":{\"@id\":\"https:\\\/\\\/porvoojazzfestival.com\\\/sv\\\/#\\\/schema\\\/logo\\\/image\\\/\"},\"sameAs\":[\"https:\\\/\\\/www.facebook.com\\\/PorvooJazzFestival\\\/\",\"https:\\\/\\\/x.com\\\/porvoojazzfest\"]},{\"@type\":\"Person\",\"@id\":\"https:\\\/\\\/porvoojazzfestival.com\\\/sv\\\/#\\\/schema\\\/person\\\/a27a2522702a72037c4d46d70807e79c\",\"name\":\"Ulpu Hozjajenok\",\"image\":{\"@type\":\"ImageObject\",\"inLanguage\":\"sv-SE\",\"@id\":\"https:\\\/\\\/secure.gravatar.com\\\/avatar\\\/4eab8813ebc7881b9cf0e932655e45fb1b448b7c5d59d9330c799d4c33d06543?s=96&d=mm&r=g\",\"url\":\"https:\\\/\\\/secure.gravatar.com\\\/avatar\\\/4eab8813ebc7881b9cf0e932655e45fb1b448b7c5d59d9330c799d4c33d06543?s=96&d=mm&r=g\",\"contentUrl\":\"https:\\\/\\\/secure.gravatar.com\\\/avatar\\\/4eab8813ebc7881b9cf0e932655e45fb1b448b7c5d59d9330c799d4c33d06543?s=96&d=mm&r=g\",\"caption\":\"Ulpu Hozjajenok\"},\"url\":\"https:\\\/\\\/porvoojazzfestival.com\\\/sv\\\/author\\\/ulpu\\\/\"}]}<\/script>\n<!-- \/ Yoast SEO plugin. -->","yoast_head_json":{"title":"Porvoo Jazz Club Goes Bosg\u00e5rd: Perill\u00e4 - Porvoo Jazz Festival","robots":{"index":"index","follow":"follow","max-snippet":"max-snippet:-1","max-image-preview":"max-image-preview:large","max-video-preview":"max-video-preview:-1"},"canonical":"https:\/\/porvoojazzfestival.com\/sv\/porvoo-jazz-club-goes-bosgard-perilla\/","og_locale":"sv_SE","og_type":"article","og_title":"Porvoo Jazz Club Goes Bosg\u00e5rd: Perill\u00e4 - Porvoo Jazz Festival","og_description":"Porvoo Jazz Club \u00e5terv\u00e4nder till sommarst\u00e4mningar och intar den st\u00e4mningsfulla h\u00f6ladan p\u00e5 Suomen Luomutila Bosg\u00e5rd. F\u00f6r alla jazz\u00e4lskare erbjuds b\u00e5de kroppslig och sj\u00e4lslig n\u00e4ring n\u00e4r det finns m\u00f6jlighet att \u00e4ta under konserten. Den h\u00e4r g\u00e5ngen kliver en ensemble med internationell toppjazz upp p\u00e5 scenen, s\u00e5 biljetterna \u00e4r bra att skaffa i god tid! Det prisbel\u00f6nta [&hellip;]","og_url":"https:\/\/porvoojazzfestival.com\/sv\/porvoo-jazz-club-goes-bosgard-perilla\/","og_site_name":"Porvoo Jazz Festival","article_publisher":"https:\/\/www.facebook.com\/PorvooJazzFestival\/","article_published_time":"2024-11-11T13:56:37+00:00","article_modified_time":"2024-11-11T13:56:38+00:00","og_image":[{"width":2560,"height":1920,"url":"https:\/\/porvoojazzfestival.com\/wp-content\/uploads\/2024\/06\/Perilla-by-Aini-Maensivu-larger-file-scaled.jpeg","type":"image\/jpeg"}],"author":"Ulpu Hozjajenok","twitter_card":"summary_large_image","twitter_creator":"@porvoojazzfest","twitter_site":"@porvoojazzfest","twitter_misc":{"Skriven av":"Ulpu Hozjajenok","Ber\u00e4knad l\u00e4stid":"1 minut"},"schema":{"@context":"https:\/\/schema.org","@graph":[{"@type":"Article","@id":"https:\/\/porvoojazzfestival.com\/sv\/porvoo-jazz-club-goes-bosgard-perilla\/#article","isPartOf":{"@id":"https:\/\/porvoojazzfestival.com\/sv\/porvoo-jazz-club-goes-bosgard-perilla\/"},"author":{"name":"Ulpu Hozjajenok","@id":"https:\/\/porvoojazzfestival.com\/sv\/#\/schema\/person\/a27a2522702a72037c4d46d70807e79c"},"headline":"Porvoo Jazz Club Goes Bosg\u00e5rd: Perill\u00e4","datePublished":"2024-11-11T13:56:37+00:00","dateModified":"2024-11-11T13:56:38+00:00","mainEntityOfPage":{"@id":"https:\/\/porvoojazzfestival.com\/sv\/porvoo-jazz-club-goes-bosgard-perilla\/"},"wordCount":253,"publisher":{"@id":"https:\/\/porvoojazzfestival.com\/sv\/#organization"},"image":{"@id":"https:\/\/porvoojazzfestival.com\/sv\/porvoo-jazz-club-goes-bosgard-perilla\/#primaryimage"},"thumbnailUrl":"https:\/\/porvoojazzfestival.com\/wp-content\/uploads\/2024\/06\/Perilla-by-Aini-Maensivu-larger-file-scaled.jpeg","articleSection":["Artist","Artister 2024"],"inLanguage":"sv-SE"},{"@type":"WebPage","@id":"https:\/\/porvoojazzfestival.com\/sv\/porvoo-jazz-club-goes-bosgard-perilla\/","url":"https:\/\/porvoojazzfestival.com\/sv\/porvoo-jazz-club-goes-bosgard-perilla\/","name":"Porvoo Jazz Club Goes Bosg\u00e5rd: Perill\u00e4 - Porvoo Jazz Festival","isPartOf":{"@id":"https:\/\/porvoojazzfestival.com\/sv\/#website"},"primaryImageOfPage":{"@id":"https:\/\/porvoojazzfestival.com\/sv\/porvoo-jazz-club-goes-bosgard-perilla\/#primaryimage"},"image":{"@id":"https:\/\/porvoojazzfestival.com\/sv\/porvoo-jazz-club-goes-bosgard-perilla\/#primaryimage"},"thumbnailUrl":"https:\/\/porvoojazzfestival.com\/wp-content\/uploads\/2024\/06\/Perilla-by-Aini-Maensivu-larger-file-scaled.jpeg","datePublished":"2024-11-11T13:56:37+00:00","dateModified":"2024-11-11T13:56:38+00:00","breadcrumb":{"@id":"https:\/\/porvoojazzfestival.com\/sv\/porvoo-jazz-club-goes-bosgard-perilla\/#breadcrumb"},"inLanguage":"sv-SE","potentialAction":[{"@type":"ReadAction","target":["https:\/\/porvoojazzfestival.com\/sv\/porvoo-jazz-club-goes-bosgard-perilla\/"]}]},{"@type":"ImageObject","inLanguage":"sv-SE","@id":"https:\/\/porvoojazzfestival.com\/sv\/porvoo-jazz-club-goes-bosgard-perilla\/#primaryimage","url":"https:\/\/porvoojazzfestival.com\/wp-content\/uploads\/2024\/06\/Perilla-by-Aini-Maensivu-larger-file-scaled.jpeg","contentUrl":"https:\/\/porvoojazzfestival.com\/wp-content\/uploads\/2024\/06\/Perilla-by-Aini-Maensivu-larger-file-scaled.jpeg","width":2560,"height":1920},{"@type":"BreadcrumbList","@id":"https:\/\/porvoojazzfestival.com\/sv\/porvoo-jazz-club-goes-bosgard-perilla\/#breadcrumb","itemListElement":[{"@type":"ListItem","position":1,"name":"Home","item":"https:\/\/porvoojazzfestival.com\/sv\/"},{"@type":"ListItem","position":2,"name":"Porvoo Jazz Club Goes Bosg\u00e5rd: Perill\u00e4"}]},{"@type":"WebSite","@id":"https:\/\/porvoojazzfestival.com\/sv\/#website","url":"https:\/\/porvoojazzfestival.com\/sv\/","name":"Porvoo Jazz Festival","description":"The Cosy Jazz Fest","publisher":{"@id":"https:\/\/porvoojazzfestival.com\/sv\/#organization"},"potentialAction":[{"@type":"SearchAction","target":{"@type":"EntryPoint","urlTemplate":"https:\/\/porvoojazzfestival.com\/sv\/?s={search_term_string}"},"query-input":{"@type":"PropertyValueSpecification","valueRequired":true,"valueName":"search_term_string"}}],"inLanguage":"sv-SE"},{"@type":"Organization","@id":"https:\/\/porvoojazzfestival.com\/sv\/#organization","name":"Porvoo Jazz Festival","url":"https:\/\/porvoojazzfestival.com\/sv\/","logo":{"@type":"ImageObject","inLanguage":"sv-SE","@id":"https:\/\/porvoojazzfestival.com\/sv\/#\/schema\/logo\/image\/","url":"https:\/\/porvoojazzfestival.com\/wp-content\/uploads\/2025\/01\/cropped-Porvoo-Jazz-Festival-Favicon.png","contentUrl":"https:\/\/porvoojazzfestival.com\/wp-content\/uploads\/2025\/01\/cropped-Porvoo-Jazz-Festival-Favicon.png","width":512,"height":512,"caption":"Porvoo Jazz Festival"},"image":{"@id":"https:\/\/porvoojazzfestival.com\/sv\/#\/schema\/logo\/image\/"},"sameAs":["https:\/\/www.facebook.com\/PorvooJazzFestival\/","https:\/\/x.com\/porvoojazzfest"]},{"@type":"Person","@id":"https:\/\/porvoojazzfestival.com\/sv\/#\/schema\/person\/a27a2522702a72037c4d46d70807e79c","name":"Ulpu Hozjajenok","image":{"@type":"ImageObject","inLanguage":"sv-SE","@id":"https:\/\/secure.gravatar.com\/avatar\/4eab8813ebc7881b9cf0e932655e45fb1b448b7c5d59d9330c799d4c33d06543?s=96&d=mm&r=g","url":"https:\/\/secure.gravatar.com\/avatar\/4eab8813ebc7881b9cf0e932655e45fb1b448b7c5d59d9330c799d4c33d06543?s=96&d=mm&r=g","contentUrl":"https:\/\/secure.gravatar.com\/avatar\/4eab8813ebc7881b9cf0e932655e45fb1b448b7c5d59d9330c799d4c33d06543?s=96&d=mm&r=g","caption":"Ulpu Hozjajenok"},"url":"https:\/\/porvoojazzfestival.com\/sv\/author\/ulpu\/"}]}},"_links":{"self":[{"href":"https:\/\/porvoojazzfestival.com\/sv\/wp-json\/wp\/v2\/posts\/10655","targetHints":{"allow":["GET"]}}],"collection":[{"href":"https:\/\/porvoojazzfestival.com\/sv\/wp-json\/wp\/v2\/posts"}],"about":[{"href":"https:\/\/porvoojazzfestival.com\/sv\/wp-json\/wp\/v2\/types\/post"}],"author":[{"embeddable":true,"href":"https:\/\/porvoojazzfestival.com\/sv\/wp-json\/wp\/v2\/users\/7"}],"replies":[{"embeddable":true,"href":"https:\/\/porvoojazzfestival.com\/sv\/wp-json\/wp\/v2\/comments?post=10655"}],"version-history":[{"count":0,"href":"https:\/\/porvoojazzfestival.com\/sv\/wp-json\/wp\/v2\/posts\/10655\/revisions"}],"wp:featuredmedia":[{"embeddable":true,"href":"https:\/\/porvoojazzfestival.com\/sv\/wp-json\/wp\/v2\/media\/10181"}],"wp:attachment":[{"href":"https:\/\/porvoojazzfestival.com\/sv\/wp-json\/wp\/v2\/media?parent=10655"}],"wp:term":[{"taxonomy":"category","embeddable":true,"href":"https:\/\/porvoojazzfestival.com\/sv\/wp-json\/wp\/v2\/categories?post=10655"},{"taxonomy":"post_tag","embeddable":true,"href":"https:\/\/porvoojazzfestival.com\/sv\/wp-json\/wp\/v2\/tags?post=10655"}],"curies":[{"name":"wp","href":"https:\/\/api.w.org\/{rel}","templated":true}]}}