{"id":10651,"date":"2024-11-11T15:49:08","date_gmt":"2024-11-11T13:49:08","guid":{"rendered":"https:\/\/porvoojazzfestival.com\/jaska-lukkarinen-trio\/"},"modified":"2024-11-11T15:49:08","modified_gmt":"2024-11-11T13:49:08","slug":"jaska-lukkarinen-trio","status":"publish","type":"post","link":"https:\/\/porvoojazzfestival.com\/sv\/jaska-lukkarinen-trio\/","title":{"rendered":"Jaska Lukkarinen Trio"},"content":{"rendered":"\n<p><em>&#8221;Kontraster, de klingar vackert i den r\u00e5a f\u00e4rgen av trioformationen. F\u00e4rgtonen kan ritas n\u00e4stan precis som man vill. Kanske \u00e4r f\u00e4rgpaletten s\u00e5 bred att m\u00f6jligheternas m\u00e4ngd hindrar en fr\u00e5n att gripa det f\u00f6rsta. V\u00e4ntan. T\u00e5lamod. Tillit.&#8221;<\/em><\/p>\n\n<p>Jaska Lukkarinens Trios nya konsert Textures inneh\u00e5ller musik komponerad av trummis\/komposit\u00f6r Mikko Hassinen. Kompositionerna m\u00f6jligg\u00f6r anv\u00e4ndningen av olika trumset-f\u00e4rger i en saxofon-bas-trummor-upps\u00e4ttning. Musikens f\u00e4rgv\u00e4rld relaterar till Lukkarinens konstn\u00e4rliga doktorsavhandling. I konserten \u00e4r skapandet, uppr\u00e4tth\u00e5llandet och frig\u00f6randet av musikalisk energi starkt n\u00e4rvarande. Bandets interna interaktion f\u00f6r\u00e4ndras d\u00e5 pianot, gitarren eller liknande harmoniinstrument saknas och utmanar trummisen att ta ett st\u00f6rre ansvar f\u00f6r helheten och bandets f\u00e4rgton.     <\/p>\n\n<p><em>&#8221;N\u00e4r jag ackompanjerar \u00e4r jag oftast i en mycket f\u00f6ljsam roll med instrumentets karakt\u00e4r och dess tillh\u00f6rande f\u00f6rv\u00e4ntningar. Genom Textures-konceptet och Hassinens kompositioner vill jag emellertid ackompanjera p\u00e5 ett v\u00e5gat s\u00e4tt, skapa musikalisk energi med olika rytmiska f\u00e4rger.&#8221;<\/em><\/p>\n\n<p>Konsertens musikaliska inspiration kommer fr\u00e5n ett antal saxofontrioinspelningar, d\u00e4r jag s\u00e4rskilt vill n\u00e4mna Steve Colemans Triplcate-, Joe Lovanos Trio Fascination 1&amp;2-, Brandford Marsaliss Dark Keys- och Lee Konitzs Motion-inspelningar.<\/p>\n\n<p>Foto: Tero Ahonen<\/p>\n","protected":false},"excerpt":{"rendered":"<p>&#8221;Kontraster, de klingar vackert i den r\u00e5a f\u00e4rgen av trioformationen. F\u00e4rgtonen kan ritas n\u00e4stan precis som man vill. Kanske \u00e4r f\u00e4rgpaletten s\u00e5 bred att m\u00f6jligheternas m\u00e4ngd hindrar en fr\u00e5n att gripa det f\u00f6rsta. V\u00e4ntan. T\u00e5lamod. Tillit.&#8221; Jaska Lukkarinens Trios nya konsert Textures inneh\u00e5ller musik komponerad av trummis\/komposit\u00f6r Mikko Hassinen. Kompositionerna m\u00f6jligg\u00f6r anv\u00e4ndningen av olika trumset-f\u00e4rger [&hellip;]<\/p>\n","protected":false},"author":7,"featured_media":10407,"comment_status":"closed","ping_status":"closed","sticky":false,"template":"","format":"standard","meta":{"_acf_changed":false,"_et_pb_use_builder":"off","_et_pb_old_content":"","_et_gb_content_width":"","footnotes":""},"categories":[78],"tags":[],"class_list":["post-10651","post","type-post","status-publish","format-standard","has-post-thumbnail","hentry","category-artistit-2024-sv"],"acf":[],"yoast_head":"<!-- This site is optimized with the Yoast SEO plugin v27.4 - https:\/\/yoast.com\/product\/yoast-seo-wordpress\/ -->\n<title>Jaska Lukkarinen Trio - Porvoo Jazz Festival<\/title>\n<meta name=\"robots\" content=\"index, follow, max-snippet:-1, max-image-preview:large, max-video-preview:-1\" \/>\n<link rel=\"canonical\" href=\"https:\/\/porvoojazzfestival.com\/sv\/jaska-lukkarinen-trio\/\" \/>\n<meta property=\"og:locale\" content=\"sv_SE\" \/>\n<meta property=\"og:type\" content=\"article\" \/>\n<meta property=\"og:title\" content=\"Jaska Lukkarinen Trio - Porvoo Jazz Festival\" \/>\n<meta property=\"og:description\" content=\"&#8221;Kontraster, de klingar vackert i den r\u00e5a f\u00e4rgen av trioformationen. F\u00e4rgtonen kan ritas n\u00e4stan precis som man vill. Kanske \u00e4r f\u00e4rgpaletten s\u00e5 bred att m\u00f6jligheternas m\u00e4ngd hindrar en fr\u00e5n att gripa det f\u00f6rsta. V\u00e4ntan. T\u00e5lamod. Tillit.&#8221; Jaska Lukkarinens Trios nya konsert Textures inneh\u00e5ller musik komponerad av trummis\/komposit\u00f6r Mikko Hassinen. Kompositionerna m\u00f6jligg\u00f6r anv\u00e4ndningen av olika trumset-f\u00e4rger [&hellip;]\" \/>\n<meta property=\"og:url\" content=\"https:\/\/porvoojazzfestival.com\/sv\/jaska-lukkarinen-trio\/\" \/>\n<meta property=\"og:site_name\" content=\"Porvoo Jazz Festival\" \/>\n<meta property=\"article:publisher\" content=\"https:\/\/www.facebook.com\/PorvooJazzFestival\/\" \/>\n<meta property=\"article:published_time\" content=\"2024-11-11T13:49:08+00:00\" \/>\n<meta property=\"og:image\" content=\"https:\/\/porvoojazzfestival.com\/wp-content\/uploads\/2024\/08\/Jaska-Lukkarinen-trio-vaaka-kuva-Tero-Ahonen.png\" \/>\n\t<meta property=\"og:image:width\" content=\"1535\" \/>\n\t<meta property=\"og:image:height\" content=\"1181\" \/>\n\t<meta property=\"og:image:type\" content=\"image\/png\" \/>\n<meta name=\"author\" content=\"Ulpu Hozjajenok\" \/>\n<meta name=\"twitter:card\" content=\"summary_large_image\" \/>\n<meta name=\"twitter:creator\" content=\"@porvoojazzfest\" \/>\n<meta name=\"twitter:site\" content=\"@porvoojazzfest\" \/>\n<meta name=\"twitter:label1\" content=\"Skriven av\" \/>\n\t<meta name=\"twitter:data1\" content=\"Ulpu Hozjajenok\" \/>\n\t<meta name=\"twitter:label2\" content=\"Ber\u00e4knad l\u00e4stid\" \/>\n\t<meta name=\"twitter:data2\" content=\"1 minut\" \/>\n<script type=\"application\/ld+json\" class=\"yoast-schema-graph\">{\"@context\":\"https:\\\/\\\/schema.org\",\"@graph\":[{\"@type\":\"Article\",\"@id\":\"https:\\\/\\\/porvoojazzfestival.com\\\/sv\\\/jaska-lukkarinen-trio\\\/#article\",\"isPartOf\":{\"@id\":\"https:\\\/\\\/porvoojazzfestival.com\\\/sv\\\/jaska-lukkarinen-trio\\\/\"},\"author\":{\"name\":\"Ulpu Hozjajenok\",\"@id\":\"https:\\\/\\\/porvoojazzfestival.com\\\/sv\\\/#\\\/schema\\\/person\\\/a27a2522702a72037c4d46d70807e79c\"},\"headline\":\"Jaska Lukkarinen Trio\",\"datePublished\":\"2024-11-11T13:49:08+00:00\",\"mainEntityOfPage\":{\"@id\":\"https:\\\/\\\/porvoojazzfestival.com\\\/sv\\\/jaska-lukkarinen-trio\\\/\"},\"wordCount\":219,\"publisher\":{\"@id\":\"https:\\\/\\\/porvoojazzfestival.com\\\/sv\\\/#organization\"},\"image\":{\"@id\":\"https:\\\/\\\/porvoojazzfestival.com\\\/sv\\\/jaska-lukkarinen-trio\\\/#primaryimage\"},\"thumbnailUrl\":\"https:\\\/\\\/porvoojazzfestival.com\\\/wp-content\\\/uploads\\\/2024\\\/08\\\/Jaska-Lukkarinen-trio-vaaka-kuva-Tero-Ahonen.png\",\"articleSection\":[\"Artister 2024\"],\"inLanguage\":\"sv-SE\"},{\"@type\":\"WebPage\",\"@id\":\"https:\\\/\\\/porvoojazzfestival.com\\\/sv\\\/jaska-lukkarinen-trio\\\/\",\"url\":\"https:\\\/\\\/porvoojazzfestival.com\\\/sv\\\/jaska-lukkarinen-trio\\\/\",\"name\":\"Jaska Lukkarinen Trio - Porvoo Jazz Festival\",\"isPartOf\":{\"@id\":\"https:\\\/\\\/porvoojazzfestival.com\\\/sv\\\/#website\"},\"primaryImageOfPage\":{\"@id\":\"https:\\\/\\\/porvoojazzfestival.com\\\/sv\\\/jaska-lukkarinen-trio\\\/#primaryimage\"},\"image\":{\"@id\":\"https:\\\/\\\/porvoojazzfestival.com\\\/sv\\\/jaska-lukkarinen-trio\\\/#primaryimage\"},\"thumbnailUrl\":\"https:\\\/\\\/porvoojazzfestival.com\\\/wp-content\\\/uploads\\\/2024\\\/08\\\/Jaska-Lukkarinen-trio-vaaka-kuva-Tero-Ahonen.png\",\"datePublished\":\"2024-11-11T13:49:08+00:00\",\"breadcrumb\":{\"@id\":\"https:\\\/\\\/porvoojazzfestival.com\\\/sv\\\/jaska-lukkarinen-trio\\\/#breadcrumb\"},\"inLanguage\":\"sv-SE\",\"potentialAction\":[{\"@type\":\"ReadAction\",\"target\":[\"https:\\\/\\\/porvoojazzfestival.com\\\/sv\\\/jaska-lukkarinen-trio\\\/\"]}]},{\"@type\":\"ImageObject\",\"inLanguage\":\"sv-SE\",\"@id\":\"https:\\\/\\\/porvoojazzfestival.com\\\/sv\\\/jaska-lukkarinen-trio\\\/#primaryimage\",\"url\":\"https:\\\/\\\/porvoojazzfestival.com\\\/wp-content\\\/uploads\\\/2024\\\/08\\\/Jaska-Lukkarinen-trio-vaaka-kuva-Tero-Ahonen.png\",\"contentUrl\":\"https:\\\/\\\/porvoojazzfestival.com\\\/wp-content\\\/uploads\\\/2024\\\/08\\\/Jaska-Lukkarinen-trio-vaaka-kuva-Tero-Ahonen.png\",\"width\":1535,\"height\":1181},{\"@type\":\"BreadcrumbList\",\"@id\":\"https:\\\/\\\/porvoojazzfestival.com\\\/sv\\\/jaska-lukkarinen-trio\\\/#breadcrumb\",\"itemListElement\":[{\"@type\":\"ListItem\",\"position\":1,\"name\":\"Home\",\"item\":\"https:\\\/\\\/porvoojazzfestival.com\\\/sv\\\/\"},{\"@type\":\"ListItem\",\"position\":2,\"name\":\"Jaska Lukkarinen Trio\"}]},{\"@type\":\"WebSite\",\"@id\":\"https:\\\/\\\/porvoojazzfestival.com\\\/sv\\\/#website\",\"url\":\"https:\\\/\\\/porvoojazzfestival.com\\\/sv\\\/\",\"name\":\"Porvoo Jazz Festival\",\"description\":\"The Cosy Jazz Fest\",\"publisher\":{\"@id\":\"https:\\\/\\\/porvoojazzfestival.com\\\/sv\\\/#organization\"},\"potentialAction\":[{\"@type\":\"SearchAction\",\"target\":{\"@type\":\"EntryPoint\",\"urlTemplate\":\"https:\\\/\\\/porvoojazzfestival.com\\\/sv\\\/?s={search_term_string}\"},\"query-input\":{\"@type\":\"PropertyValueSpecification\",\"valueRequired\":true,\"valueName\":\"search_term_string\"}}],\"inLanguage\":\"sv-SE\"},{\"@type\":\"Organization\",\"@id\":\"https:\\\/\\\/porvoojazzfestival.com\\\/sv\\\/#organization\",\"name\":\"Porvoo Jazz Festival\",\"url\":\"https:\\\/\\\/porvoojazzfestival.com\\\/sv\\\/\",\"logo\":{\"@type\":\"ImageObject\",\"inLanguage\":\"sv-SE\",\"@id\":\"https:\\\/\\\/porvoojazzfestival.com\\\/sv\\\/#\\\/schema\\\/logo\\\/image\\\/\",\"url\":\"https:\\\/\\\/porvoojazzfestival.com\\\/wp-content\\\/uploads\\\/2025\\\/01\\\/cropped-Porvoo-Jazz-Festival-Favicon.png\",\"contentUrl\":\"https:\\\/\\\/porvoojazzfestival.com\\\/wp-content\\\/uploads\\\/2025\\\/01\\\/cropped-Porvoo-Jazz-Festival-Favicon.png\",\"width\":512,\"height\":512,\"caption\":\"Porvoo Jazz Festival\"},\"image\":{\"@id\":\"https:\\\/\\\/porvoojazzfestival.com\\\/sv\\\/#\\\/schema\\\/logo\\\/image\\\/\"},\"sameAs\":[\"https:\\\/\\\/www.facebook.com\\\/PorvooJazzFestival\\\/\",\"https:\\\/\\\/x.com\\\/porvoojazzfest\"]},{\"@type\":\"Person\",\"@id\":\"https:\\\/\\\/porvoojazzfestival.com\\\/sv\\\/#\\\/schema\\\/person\\\/a27a2522702a72037c4d46d70807e79c\",\"name\":\"Ulpu Hozjajenok\",\"image\":{\"@type\":\"ImageObject\",\"inLanguage\":\"sv-SE\",\"@id\":\"https:\\\/\\\/secure.gravatar.com\\\/avatar\\\/4eab8813ebc7881b9cf0e932655e45fb1b448b7c5d59d9330c799d4c33d06543?s=96&d=mm&r=g\",\"url\":\"https:\\\/\\\/secure.gravatar.com\\\/avatar\\\/4eab8813ebc7881b9cf0e932655e45fb1b448b7c5d59d9330c799d4c33d06543?s=96&d=mm&r=g\",\"contentUrl\":\"https:\\\/\\\/secure.gravatar.com\\\/avatar\\\/4eab8813ebc7881b9cf0e932655e45fb1b448b7c5d59d9330c799d4c33d06543?s=96&d=mm&r=g\",\"caption\":\"Ulpu Hozjajenok\"},\"url\":\"https:\\\/\\\/porvoojazzfestival.com\\\/sv\\\/author\\\/ulpu\\\/\"}]}<\/script>\n<!-- \/ Yoast SEO plugin. -->","yoast_head_json":{"title":"Jaska Lukkarinen Trio - Porvoo Jazz Festival","robots":{"index":"index","follow":"follow","max-snippet":"max-snippet:-1","max-image-preview":"max-image-preview:large","max-video-preview":"max-video-preview:-1"},"canonical":"https:\/\/porvoojazzfestival.com\/sv\/jaska-lukkarinen-trio\/","og_locale":"sv_SE","og_type":"article","og_title":"Jaska Lukkarinen Trio - Porvoo Jazz Festival","og_description":"&#8221;Kontraster, de klingar vackert i den r\u00e5a f\u00e4rgen av trioformationen. F\u00e4rgtonen kan ritas n\u00e4stan precis som man vill. Kanske \u00e4r f\u00e4rgpaletten s\u00e5 bred att m\u00f6jligheternas m\u00e4ngd hindrar en fr\u00e5n att gripa det f\u00f6rsta. V\u00e4ntan. T\u00e5lamod. Tillit.&#8221; Jaska Lukkarinens Trios nya konsert Textures inneh\u00e5ller musik komponerad av trummis\/komposit\u00f6r Mikko Hassinen. Kompositionerna m\u00f6jligg\u00f6r anv\u00e4ndningen av olika trumset-f\u00e4rger [&hellip;]","og_url":"https:\/\/porvoojazzfestival.com\/sv\/jaska-lukkarinen-trio\/","og_site_name":"Porvoo Jazz Festival","article_publisher":"https:\/\/www.facebook.com\/PorvooJazzFestival\/","article_published_time":"2024-11-11T13:49:08+00:00","og_image":[{"width":1535,"height":1181,"url":"https:\/\/porvoojazzfestival.com\/wp-content\/uploads\/2024\/08\/Jaska-Lukkarinen-trio-vaaka-kuva-Tero-Ahonen.png","type":"image\/png"}],"author":"Ulpu Hozjajenok","twitter_card":"summary_large_image","twitter_creator":"@porvoojazzfest","twitter_site":"@porvoojazzfest","twitter_misc":{"Skriven av":"Ulpu Hozjajenok","Ber\u00e4knad l\u00e4stid":"1 minut"},"schema":{"@context":"https:\/\/schema.org","@graph":[{"@type":"Article","@id":"https:\/\/porvoojazzfestival.com\/sv\/jaska-lukkarinen-trio\/#article","isPartOf":{"@id":"https:\/\/porvoojazzfestival.com\/sv\/jaska-lukkarinen-trio\/"},"author":{"name":"Ulpu Hozjajenok","@id":"https:\/\/porvoojazzfestival.com\/sv\/#\/schema\/person\/a27a2522702a72037c4d46d70807e79c"},"headline":"Jaska Lukkarinen Trio","datePublished":"2024-11-11T13:49:08+00:00","mainEntityOfPage":{"@id":"https:\/\/porvoojazzfestival.com\/sv\/jaska-lukkarinen-trio\/"},"wordCount":219,"publisher":{"@id":"https:\/\/porvoojazzfestival.com\/sv\/#organization"},"image":{"@id":"https:\/\/porvoojazzfestival.com\/sv\/jaska-lukkarinen-trio\/#primaryimage"},"thumbnailUrl":"https:\/\/porvoojazzfestival.com\/wp-content\/uploads\/2024\/08\/Jaska-Lukkarinen-trio-vaaka-kuva-Tero-Ahonen.png","articleSection":["Artister 2024"],"inLanguage":"sv-SE"},{"@type":"WebPage","@id":"https:\/\/porvoojazzfestival.com\/sv\/jaska-lukkarinen-trio\/","url":"https:\/\/porvoojazzfestival.com\/sv\/jaska-lukkarinen-trio\/","name":"Jaska Lukkarinen Trio - Porvoo Jazz Festival","isPartOf":{"@id":"https:\/\/porvoojazzfestival.com\/sv\/#website"},"primaryImageOfPage":{"@id":"https:\/\/porvoojazzfestival.com\/sv\/jaska-lukkarinen-trio\/#primaryimage"},"image":{"@id":"https:\/\/porvoojazzfestival.com\/sv\/jaska-lukkarinen-trio\/#primaryimage"},"thumbnailUrl":"https:\/\/porvoojazzfestival.com\/wp-content\/uploads\/2024\/08\/Jaska-Lukkarinen-trio-vaaka-kuva-Tero-Ahonen.png","datePublished":"2024-11-11T13:49:08+00:00","breadcrumb":{"@id":"https:\/\/porvoojazzfestival.com\/sv\/jaska-lukkarinen-trio\/#breadcrumb"},"inLanguage":"sv-SE","potentialAction":[{"@type":"ReadAction","target":["https:\/\/porvoojazzfestival.com\/sv\/jaska-lukkarinen-trio\/"]}]},{"@type":"ImageObject","inLanguage":"sv-SE","@id":"https:\/\/porvoojazzfestival.com\/sv\/jaska-lukkarinen-trio\/#primaryimage","url":"https:\/\/porvoojazzfestival.com\/wp-content\/uploads\/2024\/08\/Jaska-Lukkarinen-trio-vaaka-kuva-Tero-Ahonen.png","contentUrl":"https:\/\/porvoojazzfestival.com\/wp-content\/uploads\/2024\/08\/Jaska-Lukkarinen-trio-vaaka-kuva-Tero-Ahonen.png","width":1535,"height":1181},{"@type":"BreadcrumbList","@id":"https:\/\/porvoojazzfestival.com\/sv\/jaska-lukkarinen-trio\/#breadcrumb","itemListElement":[{"@type":"ListItem","position":1,"name":"Home","item":"https:\/\/porvoojazzfestival.com\/sv\/"},{"@type":"ListItem","position":2,"name":"Jaska Lukkarinen Trio"}]},{"@type":"WebSite","@id":"https:\/\/porvoojazzfestival.com\/sv\/#website","url":"https:\/\/porvoojazzfestival.com\/sv\/","name":"Porvoo Jazz Festival","description":"The Cosy Jazz Fest","publisher":{"@id":"https:\/\/porvoojazzfestival.com\/sv\/#organization"},"potentialAction":[{"@type":"SearchAction","target":{"@type":"EntryPoint","urlTemplate":"https:\/\/porvoojazzfestival.com\/sv\/?s={search_term_string}"},"query-input":{"@type":"PropertyValueSpecification","valueRequired":true,"valueName":"search_term_string"}}],"inLanguage":"sv-SE"},{"@type":"Organization","@id":"https:\/\/porvoojazzfestival.com\/sv\/#organization","name":"Porvoo Jazz Festival","url":"https:\/\/porvoojazzfestival.com\/sv\/","logo":{"@type":"ImageObject","inLanguage":"sv-SE","@id":"https:\/\/porvoojazzfestival.com\/sv\/#\/schema\/logo\/image\/","url":"https:\/\/porvoojazzfestival.com\/wp-content\/uploads\/2025\/01\/cropped-Porvoo-Jazz-Festival-Favicon.png","contentUrl":"https:\/\/porvoojazzfestival.com\/wp-content\/uploads\/2025\/01\/cropped-Porvoo-Jazz-Festival-Favicon.png","width":512,"height":512,"caption":"Porvoo Jazz Festival"},"image":{"@id":"https:\/\/porvoojazzfestival.com\/sv\/#\/schema\/logo\/image\/"},"sameAs":["https:\/\/www.facebook.com\/PorvooJazzFestival\/","https:\/\/x.com\/porvoojazzfest"]},{"@type":"Person","@id":"https:\/\/porvoojazzfestival.com\/sv\/#\/schema\/person\/a27a2522702a72037c4d46d70807e79c","name":"Ulpu Hozjajenok","image":{"@type":"ImageObject","inLanguage":"sv-SE","@id":"https:\/\/secure.gravatar.com\/avatar\/4eab8813ebc7881b9cf0e932655e45fb1b448b7c5d59d9330c799d4c33d06543?s=96&d=mm&r=g","url":"https:\/\/secure.gravatar.com\/avatar\/4eab8813ebc7881b9cf0e932655e45fb1b448b7c5d59d9330c799d4c33d06543?s=96&d=mm&r=g","contentUrl":"https:\/\/secure.gravatar.com\/avatar\/4eab8813ebc7881b9cf0e932655e45fb1b448b7c5d59d9330c799d4c33d06543?s=96&d=mm&r=g","caption":"Ulpu Hozjajenok"},"url":"https:\/\/porvoojazzfestival.com\/sv\/author\/ulpu\/"}]}},"_links":{"self":[{"href":"https:\/\/porvoojazzfestival.com\/sv\/wp-json\/wp\/v2\/posts\/10651","targetHints":{"allow":["GET"]}}],"collection":[{"href":"https:\/\/porvoojazzfestival.com\/sv\/wp-json\/wp\/v2\/posts"}],"about":[{"href":"https:\/\/porvoojazzfestival.com\/sv\/wp-json\/wp\/v2\/types\/post"}],"author":[{"embeddable":true,"href":"https:\/\/porvoojazzfestival.com\/sv\/wp-json\/wp\/v2\/users\/7"}],"replies":[{"embeddable":true,"href":"https:\/\/porvoojazzfestival.com\/sv\/wp-json\/wp\/v2\/comments?post=10651"}],"version-history":[{"count":0,"href":"https:\/\/porvoojazzfestival.com\/sv\/wp-json\/wp\/v2\/posts\/10651\/revisions"}],"wp:featuredmedia":[{"embeddable":true,"href":"https:\/\/porvoojazzfestival.com\/sv\/wp-json\/wp\/v2\/media\/10407"}],"wp:attachment":[{"href":"https:\/\/porvoojazzfestival.com\/sv\/wp-json\/wp\/v2\/media?parent=10651"}],"wp:term":[{"taxonomy":"category","embeddable":true,"href":"https:\/\/porvoojazzfestival.com\/sv\/wp-json\/wp\/v2\/categories?post=10651"},{"taxonomy":"post_tag","embeddable":true,"href":"https:\/\/porvoojazzfestival.com\/sv\/wp-json\/wp\/v2\/tags?post=10651"}],"curies":[{"name":"wp","href":"https:\/\/api.w.org\/{rel}","templated":true}]}}