{"id":10649,"date":"2024-11-11T15:46:16","date_gmt":"2024-11-11T13:46:16","guid":{"rendered":"https:\/\/porvoojazzfestival.com\/josefiina-vannesluoma-mortal-lease\/"},"modified":"2024-11-11T15:46:16","modified_gmt":"2024-11-11T13:46:16","slug":"josefiina-vannesluoma-mortal-lease","status":"publish","type":"post","link":"https:\/\/porvoojazzfestival.com\/sv\/josefiina-vannesluoma-mortal-lease\/","title":{"rendered":"Josefiina Vannesluoma &amp; Mortal lease"},"content":{"rendered":"\n<p>Jazzs\u00e5ngerskan och komposit\u00f6ren <strong>Josefiina Vannesluoman<\/strong> och hennes band <strong>Mortal Lease<\/strong> f\u00f6rvandlar hundra\u00e5riga dikter till en smakfull jazzuttryck. P\u00e5 debutalbumet <em>The Mortal Lease<\/em> som nominerades till Jazz-Emma-utm\u00e4rkelsen \u00e5r 2023, h\u00f6rs f\u00f6rutom Vannesluoma \u00e4ven unga toppmusiker; pianisten <strong>Mikael Myrskog<\/strong>, kontrabasisten <strong>Nathan Francis<\/strong>, trummisen <strong>Ville Luukkonen<\/strong> samt <strong>Sampo Kasurinen<\/strong> p\u00e5 althobo, klarinett och tenorsaxofon. F\u00f6rutom Vannesluoma agerade <strong>Markus K\u00e4rki<\/strong> som den konstn\u00e4rlige producenten f\u00f6r albumet, och han har \u00e4ven framg\u00e5ngsrikt arbetat med produktionen av <strong>Signen<\/strong> <em>To Sappho<\/em>-albumet samt <strong>Game Music Collectives<\/strong> ljudmaterial.J   <\/p>\n\n<p>Albumet, som f\u00e5tt sitt namn och sina texter fr\u00e5n <strong>Edith Whartons<\/strong> diktcykel <em>The Mortal Lease <\/em>(&#8221;Den d\u00f6dliga arrendekontraktet&#8221;), ber\u00e4ttar om en sommarr omans, livs\u00e5tr\u00e5 och s\u00f6kandet efter mening i de dekorativa sonetten. Bandets debut \u00e4r en nyanserad helhet med st\u00e4mningar som varierar fr\u00e5n f\u00f6rtrollande explosioner till d\u00e4mpad elegans. Influenser fr\u00e5n olika musikstilar sm\u00e4lter naturligt in i bandets jordn\u00e4ra ber\u00e4ttande jazz.   <\/p>\n\n<p>Josefiina Vannesluoma, som tidigare har blivit noterad som Teosto-pristagare och nominerad till Emma, har varit en del av banden Signe, <strong>Nossa Bossa <\/strong>och <strong>Mikko Sarvanne Garden,<\/strong> d\u00e4r hennes innovativa tonspr\u00e5k och vackra klang har h\u00f6rts. <\/p>\n\n<p>Kuva: Venla Helenius<\/p>\n\n<p><strong>RUNO-hotelli \u2764\ufe0f Porvoo Jazz Club<\/strong><\/p>\n\n<p><img decoding=\"async\" src=\"https:\/\/static.xx.fbcdn.net\/images\/emoji.php\/v9\/te8\/2\/16\/1faf6.png\" height=\"16\" width=\"16\" alt=\"*\"\/>Med koden PORVOOJAZZ f\u00e5r man 20% rabatt p\u00e5 natts\u00f6mnen p\u00e5 RUNO.<\/p>\n\n<p><img decoding=\"async\" src=\"https:\/\/static.xx.fbcdn.net\/images\/emoji.php\/v9\/te8\/2\/16\/1faf6.png\" height=\"16\" width=\"16\" alt=\"*\"\/>Visa din biljett till Porvoo Jazz Club f\u00f6r att \u00e4ta brunch f\u00f6r 29\u20ac <\/p>\n\n<p><img decoding=\"async\" src=\"https:\/\/static.xx.fbcdn.net\/images\/emoji.php\/v9\/te8\/2\/16\/1faf6.png\" height=\"16\" width=\"16\" alt=\"*\"\/>Biljetter till h\u00f6stens Porvoo Jazz Club f\u00f6r g\u00e4ster som \u00f6vernattar p\u00e5 RUNO till reducerat pris 10\u20ac fr\u00e5n <a href=\"http:\/\/biletti.fi\/?fbclid=IwZXh0bgNhZW0CMTAAAR3xU-4V30uFXTCEExlirjiYH4Y0b4suG7V_PM3NRdUO366WelfYVj97hMo_aem_Dz0VpLfyYjhHe5i_E4EEUQ\" target=\"_blank\" rel=\"noreferrer noopener\">biletti.fi<\/a> med koden:RUNO<\/p>\n","protected":false},"excerpt":{"rendered":"<p>Jazzs\u00e5ngerskan och komposit\u00f6ren Josefiina Vannesluoman och hennes band Mortal Lease f\u00f6rvandlar hundra\u00e5riga dikter till en smakfull jazzuttryck. P\u00e5 debutalbumet The Mortal Lease som nominerades till Jazz-Emma-utm\u00e4rkelsen \u00e5r 2023, h\u00f6rs f\u00f6rutom Vannesluoma \u00e4ven unga toppmusiker; pianisten Mikael Myrskog, kontrabasisten Nathan Francis, trummisen Ville Luukkonen samt Sampo Kasurinen p\u00e5 althobo, klarinett och tenorsaxofon. F\u00f6rutom Vannesluoma agerade Markus [&hellip;]<\/p>\n","protected":false},"author":7,"featured_media":10424,"comment_status":"closed","ping_status":"closed","sticky":false,"template":"","format":"standard","meta":{"_acf_changed":false,"_et_pb_use_builder":"off","_et_pb_old_content":"","_et_gb_content_width":"","footnotes":""},"categories":[78],"tags":[],"class_list":["post-10649","post","type-post","status-publish","format-standard","has-post-thumbnail","hentry","category-artistit-2024-sv"],"acf":[],"yoast_head":"<!-- This site is optimized with the Yoast SEO plugin v27.4 - https:\/\/yoast.com\/product\/yoast-seo-wordpress\/ -->\n<title>Josefiina Vannesluoma &amp; Mortal lease - Porvoo Jazz Festival<\/title>\n<meta name=\"robots\" content=\"index, follow, max-snippet:-1, max-image-preview:large, max-video-preview:-1\" \/>\n<link rel=\"canonical\" href=\"https:\/\/porvoojazzfestival.com\/sv\/josefiina-vannesluoma-mortal-lease\/\" \/>\n<meta property=\"og:locale\" content=\"sv_SE\" \/>\n<meta property=\"og:type\" content=\"article\" \/>\n<meta property=\"og:title\" content=\"Josefiina Vannesluoma &amp; Mortal lease - Porvoo Jazz Festival\" \/>\n<meta property=\"og:description\" content=\"Jazzs\u00e5ngerskan och komposit\u00f6ren Josefiina Vannesluoman och hennes band Mortal Lease f\u00f6rvandlar hundra\u00e5riga dikter till en smakfull jazzuttryck. P\u00e5 debutalbumet The Mortal Lease som nominerades till Jazz-Emma-utm\u00e4rkelsen \u00e5r 2023, h\u00f6rs f\u00f6rutom Vannesluoma \u00e4ven unga toppmusiker; pianisten Mikael Myrskog, kontrabasisten Nathan Francis, trummisen Ville Luukkonen samt Sampo Kasurinen p\u00e5 althobo, klarinett och tenorsaxofon. F\u00f6rutom Vannesluoma agerade Markus [&hellip;]\" \/>\n<meta property=\"og:url\" content=\"https:\/\/porvoojazzfestival.com\/sv\/josefiina-vannesluoma-mortal-lease\/\" \/>\n<meta property=\"og:site_name\" content=\"Porvoo Jazz Festival\" \/>\n<meta property=\"article:publisher\" content=\"https:\/\/www.facebook.com\/PorvooJazzFestival\/\" \/>\n<meta property=\"article:published_time\" content=\"2024-11-11T13:46:16+00:00\" \/>\n<meta property=\"og:image\" content=\"https:\/\/porvoojazzfestival.com\/wp-content\/uploads\/2024\/08\/Mortal-Lease2-by-Venla-Helenius-scaled.jpeg\" \/>\n\t<meta property=\"og:image:width\" content=\"2560\" \/>\n\t<meta property=\"og:image:height\" content=\"1707\" \/>\n\t<meta property=\"og:image:type\" content=\"image\/jpeg\" \/>\n<meta name=\"author\" content=\"Ulpu Hozjajenok\" \/>\n<meta name=\"twitter:card\" content=\"summary_large_image\" \/>\n<meta name=\"twitter:creator\" content=\"@porvoojazzfest\" \/>\n<meta name=\"twitter:site\" content=\"@porvoojazzfest\" \/>\n<meta name=\"twitter:label1\" content=\"Skriven av\" \/>\n\t<meta name=\"twitter:data1\" content=\"Ulpu Hozjajenok\" \/>\n\t<meta name=\"twitter:label2\" content=\"Ber\u00e4knad l\u00e4stid\" \/>\n\t<meta name=\"twitter:data2\" content=\"1 minut\" \/>\n<script type=\"application\/ld+json\" class=\"yoast-schema-graph\">{\"@context\":\"https:\\\/\\\/schema.org\",\"@graph\":[{\"@type\":\"Article\",\"@id\":\"https:\\\/\\\/porvoojazzfestival.com\\\/sv\\\/josefiina-vannesluoma-mortal-lease\\\/#article\",\"isPartOf\":{\"@id\":\"https:\\\/\\\/porvoojazzfestival.com\\\/sv\\\/josefiina-vannesluoma-mortal-lease\\\/\"},\"author\":{\"name\":\"Ulpu Hozjajenok\",\"@id\":\"https:\\\/\\\/porvoojazzfestival.com\\\/sv\\\/#\\\/schema\\\/person\\\/a27a2522702a72037c4d46d70807e79c\"},\"headline\":\"Josefiina Vannesluoma &amp; Mortal lease\",\"datePublished\":\"2024-11-11T13:46:16+00:00\",\"mainEntityOfPage\":{\"@id\":\"https:\\\/\\\/porvoojazzfestival.com\\\/sv\\\/josefiina-vannesluoma-mortal-lease\\\/\"},\"wordCount\":266,\"publisher\":{\"@id\":\"https:\\\/\\\/porvoojazzfestival.com\\\/sv\\\/#organization\"},\"image\":{\"@id\":\"https:\\\/\\\/porvoojazzfestival.com\\\/sv\\\/josefiina-vannesluoma-mortal-lease\\\/#primaryimage\"},\"thumbnailUrl\":\"https:\\\/\\\/porvoojazzfestival.com\\\/wp-content\\\/uploads\\\/2024\\\/08\\\/Mortal-Lease2-by-Venla-Helenius-scaled.jpeg\",\"articleSection\":[\"Artister 2024\"],\"inLanguage\":\"sv-SE\"},{\"@type\":\"WebPage\",\"@id\":\"https:\\\/\\\/porvoojazzfestival.com\\\/sv\\\/josefiina-vannesluoma-mortal-lease\\\/\",\"url\":\"https:\\\/\\\/porvoojazzfestival.com\\\/sv\\\/josefiina-vannesluoma-mortal-lease\\\/\",\"name\":\"Josefiina Vannesluoma &amp; Mortal lease - Porvoo Jazz Festival\",\"isPartOf\":{\"@id\":\"https:\\\/\\\/porvoojazzfestival.com\\\/sv\\\/#website\"},\"primaryImageOfPage\":{\"@id\":\"https:\\\/\\\/porvoojazzfestival.com\\\/sv\\\/josefiina-vannesluoma-mortal-lease\\\/#primaryimage\"},\"image\":{\"@id\":\"https:\\\/\\\/porvoojazzfestival.com\\\/sv\\\/josefiina-vannesluoma-mortal-lease\\\/#primaryimage\"},\"thumbnailUrl\":\"https:\\\/\\\/porvoojazzfestival.com\\\/wp-content\\\/uploads\\\/2024\\\/08\\\/Mortal-Lease2-by-Venla-Helenius-scaled.jpeg\",\"datePublished\":\"2024-11-11T13:46:16+00:00\",\"breadcrumb\":{\"@id\":\"https:\\\/\\\/porvoojazzfestival.com\\\/sv\\\/josefiina-vannesluoma-mortal-lease\\\/#breadcrumb\"},\"inLanguage\":\"sv-SE\",\"potentialAction\":[{\"@type\":\"ReadAction\",\"target\":[\"https:\\\/\\\/porvoojazzfestival.com\\\/sv\\\/josefiina-vannesluoma-mortal-lease\\\/\"]}]},{\"@type\":\"ImageObject\",\"inLanguage\":\"sv-SE\",\"@id\":\"https:\\\/\\\/porvoojazzfestival.com\\\/sv\\\/josefiina-vannesluoma-mortal-lease\\\/#primaryimage\",\"url\":\"https:\\\/\\\/porvoojazzfestival.com\\\/wp-content\\\/uploads\\\/2024\\\/08\\\/Mortal-Lease2-by-Venla-Helenius-scaled.jpeg\",\"contentUrl\":\"https:\\\/\\\/porvoojazzfestival.com\\\/wp-content\\\/uploads\\\/2024\\\/08\\\/Mortal-Lease2-by-Venla-Helenius-scaled.jpeg\",\"width\":2560,\"height\":1707},{\"@type\":\"BreadcrumbList\",\"@id\":\"https:\\\/\\\/porvoojazzfestival.com\\\/sv\\\/josefiina-vannesluoma-mortal-lease\\\/#breadcrumb\",\"itemListElement\":[{\"@type\":\"ListItem\",\"position\":1,\"name\":\"Home\",\"item\":\"https:\\\/\\\/porvoojazzfestival.com\\\/sv\\\/\"},{\"@type\":\"ListItem\",\"position\":2,\"name\":\"Josefiina Vannesluoma &amp; Mortal lease\"}]},{\"@type\":\"WebSite\",\"@id\":\"https:\\\/\\\/porvoojazzfestival.com\\\/sv\\\/#website\",\"url\":\"https:\\\/\\\/porvoojazzfestival.com\\\/sv\\\/\",\"name\":\"Porvoo Jazz Festival\",\"description\":\"The Cosy Jazz Fest\",\"publisher\":{\"@id\":\"https:\\\/\\\/porvoojazzfestival.com\\\/sv\\\/#organization\"},\"potentialAction\":[{\"@type\":\"SearchAction\",\"target\":{\"@type\":\"EntryPoint\",\"urlTemplate\":\"https:\\\/\\\/porvoojazzfestival.com\\\/sv\\\/?s={search_term_string}\"},\"query-input\":{\"@type\":\"PropertyValueSpecification\",\"valueRequired\":true,\"valueName\":\"search_term_string\"}}],\"inLanguage\":\"sv-SE\"},{\"@type\":\"Organization\",\"@id\":\"https:\\\/\\\/porvoojazzfestival.com\\\/sv\\\/#organization\",\"name\":\"Porvoo Jazz Festival\",\"url\":\"https:\\\/\\\/porvoojazzfestival.com\\\/sv\\\/\",\"logo\":{\"@type\":\"ImageObject\",\"inLanguage\":\"sv-SE\",\"@id\":\"https:\\\/\\\/porvoojazzfestival.com\\\/sv\\\/#\\\/schema\\\/logo\\\/image\\\/\",\"url\":\"https:\\\/\\\/porvoojazzfestival.com\\\/wp-content\\\/uploads\\\/2025\\\/01\\\/cropped-Porvoo-Jazz-Festival-Favicon.png\",\"contentUrl\":\"https:\\\/\\\/porvoojazzfestival.com\\\/wp-content\\\/uploads\\\/2025\\\/01\\\/cropped-Porvoo-Jazz-Festival-Favicon.png\",\"width\":512,\"height\":512,\"caption\":\"Porvoo Jazz Festival\"},\"image\":{\"@id\":\"https:\\\/\\\/porvoojazzfestival.com\\\/sv\\\/#\\\/schema\\\/logo\\\/image\\\/\"},\"sameAs\":[\"https:\\\/\\\/www.facebook.com\\\/PorvooJazzFestival\\\/\",\"https:\\\/\\\/x.com\\\/porvoojazzfest\"]},{\"@type\":\"Person\",\"@id\":\"https:\\\/\\\/porvoojazzfestival.com\\\/sv\\\/#\\\/schema\\\/person\\\/a27a2522702a72037c4d46d70807e79c\",\"name\":\"Ulpu Hozjajenok\",\"image\":{\"@type\":\"ImageObject\",\"inLanguage\":\"sv-SE\",\"@id\":\"https:\\\/\\\/secure.gravatar.com\\\/avatar\\\/4eab8813ebc7881b9cf0e932655e45fb1b448b7c5d59d9330c799d4c33d06543?s=96&d=mm&r=g\",\"url\":\"https:\\\/\\\/secure.gravatar.com\\\/avatar\\\/4eab8813ebc7881b9cf0e932655e45fb1b448b7c5d59d9330c799d4c33d06543?s=96&d=mm&r=g\",\"contentUrl\":\"https:\\\/\\\/secure.gravatar.com\\\/avatar\\\/4eab8813ebc7881b9cf0e932655e45fb1b448b7c5d59d9330c799d4c33d06543?s=96&d=mm&r=g\",\"caption\":\"Ulpu Hozjajenok\"},\"url\":\"https:\\\/\\\/porvoojazzfestival.com\\\/sv\\\/author\\\/ulpu\\\/\"}]}<\/script>\n<!-- \/ Yoast SEO plugin. -->","yoast_head_json":{"title":"Josefiina Vannesluoma &amp; Mortal lease - Porvoo Jazz Festival","robots":{"index":"index","follow":"follow","max-snippet":"max-snippet:-1","max-image-preview":"max-image-preview:large","max-video-preview":"max-video-preview:-1"},"canonical":"https:\/\/porvoojazzfestival.com\/sv\/josefiina-vannesluoma-mortal-lease\/","og_locale":"sv_SE","og_type":"article","og_title":"Josefiina Vannesluoma &amp; Mortal lease - Porvoo Jazz Festival","og_description":"Jazzs\u00e5ngerskan och komposit\u00f6ren Josefiina Vannesluoman och hennes band Mortal Lease f\u00f6rvandlar hundra\u00e5riga dikter till en smakfull jazzuttryck. P\u00e5 debutalbumet The Mortal Lease som nominerades till Jazz-Emma-utm\u00e4rkelsen \u00e5r 2023, h\u00f6rs f\u00f6rutom Vannesluoma \u00e4ven unga toppmusiker; pianisten Mikael Myrskog, kontrabasisten Nathan Francis, trummisen Ville Luukkonen samt Sampo Kasurinen p\u00e5 althobo, klarinett och tenorsaxofon. F\u00f6rutom Vannesluoma agerade Markus [&hellip;]","og_url":"https:\/\/porvoojazzfestival.com\/sv\/josefiina-vannesluoma-mortal-lease\/","og_site_name":"Porvoo Jazz Festival","article_publisher":"https:\/\/www.facebook.com\/PorvooJazzFestival\/","article_published_time":"2024-11-11T13:46:16+00:00","og_image":[{"width":2560,"height":1707,"url":"https:\/\/porvoojazzfestival.com\/wp-content\/uploads\/2024\/08\/Mortal-Lease2-by-Venla-Helenius-scaled.jpeg","type":"image\/jpeg"}],"author":"Ulpu Hozjajenok","twitter_card":"summary_large_image","twitter_creator":"@porvoojazzfest","twitter_site":"@porvoojazzfest","twitter_misc":{"Skriven av":"Ulpu Hozjajenok","Ber\u00e4knad l\u00e4stid":"1 minut"},"schema":{"@context":"https:\/\/schema.org","@graph":[{"@type":"Article","@id":"https:\/\/porvoojazzfestival.com\/sv\/josefiina-vannesluoma-mortal-lease\/#article","isPartOf":{"@id":"https:\/\/porvoojazzfestival.com\/sv\/josefiina-vannesluoma-mortal-lease\/"},"author":{"name":"Ulpu Hozjajenok","@id":"https:\/\/porvoojazzfestival.com\/sv\/#\/schema\/person\/a27a2522702a72037c4d46d70807e79c"},"headline":"Josefiina Vannesluoma &amp; Mortal lease","datePublished":"2024-11-11T13:46:16+00:00","mainEntityOfPage":{"@id":"https:\/\/porvoojazzfestival.com\/sv\/josefiina-vannesluoma-mortal-lease\/"},"wordCount":266,"publisher":{"@id":"https:\/\/porvoojazzfestival.com\/sv\/#organization"},"image":{"@id":"https:\/\/porvoojazzfestival.com\/sv\/josefiina-vannesluoma-mortal-lease\/#primaryimage"},"thumbnailUrl":"https:\/\/porvoojazzfestival.com\/wp-content\/uploads\/2024\/08\/Mortal-Lease2-by-Venla-Helenius-scaled.jpeg","articleSection":["Artister 2024"],"inLanguage":"sv-SE"},{"@type":"WebPage","@id":"https:\/\/porvoojazzfestival.com\/sv\/josefiina-vannesluoma-mortal-lease\/","url":"https:\/\/porvoojazzfestival.com\/sv\/josefiina-vannesluoma-mortal-lease\/","name":"Josefiina Vannesluoma &amp; Mortal lease - Porvoo Jazz Festival","isPartOf":{"@id":"https:\/\/porvoojazzfestival.com\/sv\/#website"},"primaryImageOfPage":{"@id":"https:\/\/porvoojazzfestival.com\/sv\/josefiina-vannesluoma-mortal-lease\/#primaryimage"},"image":{"@id":"https:\/\/porvoojazzfestival.com\/sv\/josefiina-vannesluoma-mortal-lease\/#primaryimage"},"thumbnailUrl":"https:\/\/porvoojazzfestival.com\/wp-content\/uploads\/2024\/08\/Mortal-Lease2-by-Venla-Helenius-scaled.jpeg","datePublished":"2024-11-11T13:46:16+00:00","breadcrumb":{"@id":"https:\/\/porvoojazzfestival.com\/sv\/josefiina-vannesluoma-mortal-lease\/#breadcrumb"},"inLanguage":"sv-SE","potentialAction":[{"@type":"ReadAction","target":["https:\/\/porvoojazzfestival.com\/sv\/josefiina-vannesluoma-mortal-lease\/"]}]},{"@type":"ImageObject","inLanguage":"sv-SE","@id":"https:\/\/porvoojazzfestival.com\/sv\/josefiina-vannesluoma-mortal-lease\/#primaryimage","url":"https:\/\/porvoojazzfestival.com\/wp-content\/uploads\/2024\/08\/Mortal-Lease2-by-Venla-Helenius-scaled.jpeg","contentUrl":"https:\/\/porvoojazzfestival.com\/wp-content\/uploads\/2024\/08\/Mortal-Lease2-by-Venla-Helenius-scaled.jpeg","width":2560,"height":1707},{"@type":"BreadcrumbList","@id":"https:\/\/porvoojazzfestival.com\/sv\/josefiina-vannesluoma-mortal-lease\/#breadcrumb","itemListElement":[{"@type":"ListItem","position":1,"name":"Home","item":"https:\/\/porvoojazzfestival.com\/sv\/"},{"@type":"ListItem","position":2,"name":"Josefiina Vannesluoma &amp; Mortal lease"}]},{"@type":"WebSite","@id":"https:\/\/porvoojazzfestival.com\/sv\/#website","url":"https:\/\/porvoojazzfestival.com\/sv\/","name":"Porvoo Jazz Festival","description":"The Cosy Jazz Fest","publisher":{"@id":"https:\/\/porvoojazzfestival.com\/sv\/#organization"},"potentialAction":[{"@type":"SearchAction","target":{"@type":"EntryPoint","urlTemplate":"https:\/\/porvoojazzfestival.com\/sv\/?s={search_term_string}"},"query-input":{"@type":"PropertyValueSpecification","valueRequired":true,"valueName":"search_term_string"}}],"inLanguage":"sv-SE"},{"@type":"Organization","@id":"https:\/\/porvoojazzfestival.com\/sv\/#organization","name":"Porvoo Jazz Festival","url":"https:\/\/porvoojazzfestival.com\/sv\/","logo":{"@type":"ImageObject","inLanguage":"sv-SE","@id":"https:\/\/porvoojazzfestival.com\/sv\/#\/schema\/logo\/image\/","url":"https:\/\/porvoojazzfestival.com\/wp-content\/uploads\/2025\/01\/cropped-Porvoo-Jazz-Festival-Favicon.png","contentUrl":"https:\/\/porvoojazzfestival.com\/wp-content\/uploads\/2025\/01\/cropped-Porvoo-Jazz-Festival-Favicon.png","width":512,"height":512,"caption":"Porvoo Jazz Festival"},"image":{"@id":"https:\/\/porvoojazzfestival.com\/sv\/#\/schema\/logo\/image\/"},"sameAs":["https:\/\/www.facebook.com\/PorvooJazzFestival\/","https:\/\/x.com\/porvoojazzfest"]},{"@type":"Person","@id":"https:\/\/porvoojazzfestival.com\/sv\/#\/schema\/person\/a27a2522702a72037c4d46d70807e79c","name":"Ulpu Hozjajenok","image":{"@type":"ImageObject","inLanguage":"sv-SE","@id":"https:\/\/secure.gravatar.com\/avatar\/4eab8813ebc7881b9cf0e932655e45fb1b448b7c5d59d9330c799d4c33d06543?s=96&d=mm&r=g","url":"https:\/\/secure.gravatar.com\/avatar\/4eab8813ebc7881b9cf0e932655e45fb1b448b7c5d59d9330c799d4c33d06543?s=96&d=mm&r=g","contentUrl":"https:\/\/secure.gravatar.com\/avatar\/4eab8813ebc7881b9cf0e932655e45fb1b448b7c5d59d9330c799d4c33d06543?s=96&d=mm&r=g","caption":"Ulpu Hozjajenok"},"url":"https:\/\/porvoojazzfestival.com\/sv\/author\/ulpu\/"}]}},"_links":{"self":[{"href":"https:\/\/porvoojazzfestival.com\/sv\/wp-json\/wp\/v2\/posts\/10649","targetHints":{"allow":["GET"]}}],"collection":[{"href":"https:\/\/porvoojazzfestival.com\/sv\/wp-json\/wp\/v2\/posts"}],"about":[{"href":"https:\/\/porvoojazzfestival.com\/sv\/wp-json\/wp\/v2\/types\/post"}],"author":[{"embeddable":true,"href":"https:\/\/porvoojazzfestival.com\/sv\/wp-json\/wp\/v2\/users\/7"}],"replies":[{"embeddable":true,"href":"https:\/\/porvoojazzfestival.com\/sv\/wp-json\/wp\/v2\/comments?post=10649"}],"version-history":[{"count":0,"href":"https:\/\/porvoojazzfestival.com\/sv\/wp-json\/wp\/v2\/posts\/10649\/revisions"}],"wp:featuredmedia":[{"embeddable":true,"href":"https:\/\/porvoojazzfestival.com\/sv\/wp-json\/wp\/v2\/media\/10424"}],"wp:attachment":[{"href":"https:\/\/porvoojazzfestival.com\/sv\/wp-json\/wp\/v2\/media?parent=10649"}],"wp:term":[{"taxonomy":"category","embeddable":true,"href":"https:\/\/porvoojazzfestival.com\/sv\/wp-json\/wp\/v2\/categories?post=10649"},{"taxonomy":"post_tag","embeddable":true,"href":"https:\/\/porvoojazzfestival.com\/sv\/wp-json\/wp\/v2\/tags?post=10649"}],"curies":[{"name":"wp","href":"https:\/\/api.w.org\/{rel}","templated":true}]}}