{"id":10162,"date":"2024-05-30T12:33:45","date_gmt":"2024-05-30T09:33:45","guid":{"rendered":"https:\/\/porvoojazzfestival.com\/karmen-roivassepp-quartet-2\/"},"modified":"2024-05-30T12:33:46","modified_gmt":"2024-05-30T09:33:46","slug":"karmen-roivassepp-quartet-2","status":"publish","type":"post","link":"https:\/\/porvoojazzfestival.com\/sv\/karmen-roivassepp-quartet-2\/","title":{"rendered":"Karmen R\u00f5ivassepp Quartet"},"content":{"rendered":"\n<p>Karmen R\u00f5ivassepp Quartet \u00e4r en livlig jazzgrupp som har samlat en solid publik och n\u00e5tt framg\u00e5ng i Skandinavien, redan sedan debuten 2018. Gruppen har \u00e4ven b\u00f6rjat att sl\u00e5 igenom p\u00e5 den europeiska jazzscenen. Kvartetten utvecklas st\u00e4ndigt och har p\u00e5 senare tid g\u00e5tt l\u00e4ngre bort fr\u00e5n den traditionella jazz-stilen samt presenterar mer st\u00e4mningsfullt och melankoliskt nutida jazz-stil. I s\u00f6kandet efter sin egen igenk\u00e4nnliga r\u00f6st har bandet experimenterat med allt fr\u00e5n komponerat material till fullst\u00e4ndig frihet och \u00f6ppen improvisation.  Oavsett tillf\u00e4lle kan publiken f\u00f6rv\u00e4nta sig att h\u00f6ra tr\u00e4ffs\u00e4kert sjungande klarhet, utm\u00e4rkt musikalisk interaktion och sofistikerade melodier och harmonier n\u00e4r dessa fyra jazzmusiker stiger upp p\u00e5 scenen.<\/p>\n\n<p>Karmen R\u00f5ivassepp Quartet har sl\u00e4ppt tv\u00e5 uppskattade studioalbum, <em> Dance of Sounds<\/em> (2018) och <em>Breathe<\/em> (2021). R\u00f5ivassepps ovanliga musikalitet har uppm\u00e4rksammats med Danish Music Awards Jazz 2023: &#8221;\u00c5rets Jazzkomposit\u00f6r&#8221; och Estonian Music Awards 2024: &#8221;\u00c5rets Jazzalbum&#8221;. <\/p>\n\n<p>&#8221;De sju distinkta sp\u00e5ren p\u00e5 Breathe balanserar effektivt mellan strama energifyllda<\/p>\n\n<p>rytmer och lugnare och mer reflekterande melodier p\u00e5 denna mycket individuella skiva.&#8221;<\/p>\n\n<p>&#8211; James Read, ukvibe (2021)<\/p>\n\n<p>&#8221;Bandledarens s\u00e5ng \u00e4r sl\u00e5ende i sin renhet, hennes omf\u00e5ng och hennes tonh\u00f6jd imponerande.<\/p>\n\n<p>Och hon \u00e4r harmoniskt uppfinningsrik n\u00e4r hon dekorerar melodier med intrikata, scatsjungade<\/p>\n\n<p>fraser&#8230;&#8221;<\/p>\n\n<p>&#8211; Thomas Rees, Downbeat Magazine (2018)<\/p>\n\n<p>Vi erbjuder alltid tv\u00e5 upplevelser med en biljett i Porvoo Jazz Festivalets Vanha 123 kv\u00e4llar. Konserterna b\u00f6rjar i sal 1 och 2 samtidigt och efter en kort paus byter publiken salar f\u00f6r att h\u00f6ra kv\u00e4llens andra artist. L\u00f6rdagens konsert kommer att inkludera Karmen R\u00f5ivassepp Quartet och Lampen. Aatos Cafe serverar godsaker under konserterna.   <\/p>\n\n<p>Foto: Martin Dam-Kristensen<\/p>\n\n<p><\/p>\n","protected":false},"excerpt":{"rendered":"<p>Karmen R\u00f5ivassepp Quartet \u00e4r en livlig jazzgrupp som har samlat en solid publik och n\u00e5tt framg\u00e5ng i Skandinavien, redan sedan debuten 2018. Gruppen har \u00e4ven b\u00f6rjat att sl\u00e5 igenom p\u00e5 den europeiska jazzscenen. Kvartetten utvecklas st\u00e4ndigt och har p\u00e5 senare tid g\u00e5tt l\u00e4ngre bort fr\u00e5n den traditionella jazz-stilen samt presenterar mer st\u00e4mningsfullt och melankoliskt nutida [&hellip;]<\/p>\n","protected":false},"author":7,"featured_media":10374,"comment_status":"closed","ping_status":"closed","sticky":false,"template":"","format":"standard","meta":{"_acf_changed":false,"_et_pb_use_builder":"off","_et_pb_old_content":"","_et_gb_content_width":"","footnotes":""},"categories":[78],"tags":[],"class_list":["post-10162","post","type-post","status-publish","format-standard","has-post-thumbnail","hentry","category-artistit-2024-sv"],"acf":[],"yoast_head":"<!-- This site is optimized with the Yoast SEO plugin v27.3 - https:\/\/yoast.com\/product\/yoast-seo-wordpress\/ -->\n<title>Karmen R\u00f5ivassepp Quartet - Porvoo Jazz Festival<\/title>\n<meta name=\"robots\" content=\"index, follow, max-snippet:-1, max-image-preview:large, max-video-preview:-1\" \/>\n<link rel=\"canonical\" href=\"https:\/\/porvoojazzfestival.com\/sv\/karmen-roivassepp-quartet-2\/\" \/>\n<meta property=\"og:locale\" content=\"sv_SE\" \/>\n<meta property=\"og:type\" content=\"article\" \/>\n<meta property=\"og:title\" content=\"Karmen R\u00f5ivassepp Quartet - Porvoo Jazz Festival\" \/>\n<meta property=\"og:description\" content=\"Karmen R\u00f5ivassepp Quartet \u00e4r en livlig jazzgrupp som har samlat en solid publik och n\u00e5tt framg\u00e5ng i Skandinavien, redan sedan debuten 2018. Gruppen har \u00e4ven b\u00f6rjat att sl\u00e5 igenom p\u00e5 den europeiska jazzscenen. Kvartetten utvecklas st\u00e4ndigt och har p\u00e5 senare tid g\u00e5tt l\u00e4ngre bort fr\u00e5n den traditionella jazz-stilen samt presenterar mer st\u00e4mningsfullt och melankoliskt nutida [&hellip;]\" \/>\n<meta property=\"og:url\" content=\"https:\/\/porvoojazzfestival.com\/sv\/karmen-roivassepp-quartet-2\/\" \/>\n<meta property=\"og:site_name\" content=\"Porvoo Jazz Festival\" \/>\n<meta property=\"article:publisher\" content=\"https:\/\/www.facebook.com\/PorvooJazzFestival\/\" \/>\n<meta property=\"article:published_time\" content=\"2024-05-30T09:33:45+00:00\" \/>\n<meta property=\"article:modified_time\" content=\"2024-05-30T09:33:46+00:00\" \/>\n<meta property=\"og:image\" content=\"https:\/\/porvoojazzfestival.com\/wp-content\/uploads\/2024\/05\/foto-1_Martin-Dam-Kristensen-scaled-e1715165374345.jpeg\" \/>\n\t<meta property=\"og:image:width\" content=\"2560\" \/>\n\t<meta property=\"og:image:height\" content=\"1707\" \/>\n\t<meta property=\"og:image:type\" content=\"image\/jpeg\" \/>\n<meta name=\"author\" content=\"Ulpu Hozjajenok\" \/>\n<meta name=\"twitter:card\" content=\"summary_large_image\" \/>\n<meta name=\"twitter:creator\" content=\"@porvoojazzfest\" \/>\n<meta name=\"twitter:site\" content=\"@porvoojazzfest\" \/>\n<meta name=\"twitter:label1\" content=\"Skriven av\" \/>\n\t<meta name=\"twitter:data1\" content=\"Ulpu Hozjajenok\" \/>\n\t<meta name=\"twitter:label2\" content=\"Ber\u00e4knad l\u00e4stid\" \/>\n\t<meta name=\"twitter:data2\" content=\"1 minut\" \/>\n<script type=\"application\/ld+json\" class=\"yoast-schema-graph\">{\"@context\":\"https:\\\/\\\/schema.org\",\"@graph\":[{\"@type\":\"Article\",\"@id\":\"https:\\\/\\\/porvoojazzfestival.com\\\/sv\\\/karmen-roivassepp-quartet-2\\\/#article\",\"isPartOf\":{\"@id\":\"https:\\\/\\\/porvoojazzfestival.com\\\/sv\\\/karmen-roivassepp-quartet-2\\\/\"},\"author\":{\"name\":\"Ulpu Hozjajenok\",\"@id\":\"https:\\\/\\\/porvoojazzfestival.com\\\/sv\\\/#\\\/schema\\\/person\\\/a27a2522702a72037c4d46d70807e79c\"},\"headline\":\"Karmen R\u00f5ivassepp Quartet\",\"datePublished\":\"2024-05-30T09:33:45+00:00\",\"dateModified\":\"2024-05-30T09:33:46+00:00\",\"mainEntityOfPage\":{\"@id\":\"https:\\\/\\\/porvoojazzfestival.com\\\/sv\\\/karmen-roivassepp-quartet-2\\\/\"},\"wordCount\":289,\"publisher\":{\"@id\":\"https:\\\/\\\/porvoojazzfestival.com\\\/sv\\\/#organization\"},\"image\":{\"@id\":\"https:\\\/\\\/porvoojazzfestival.com\\\/sv\\\/karmen-roivassepp-quartet-2\\\/#primaryimage\"},\"thumbnailUrl\":\"https:\\\/\\\/porvoojazzfestival.com\\\/wp-content\\\/uploads\\\/2024\\\/05\\\/Untitled-design-11-scaled.jpg\",\"articleSection\":[\"Artister 2024\"],\"inLanguage\":\"sv-SE\"},{\"@type\":\"WebPage\",\"@id\":\"https:\\\/\\\/porvoojazzfestival.com\\\/sv\\\/karmen-roivassepp-quartet-2\\\/\",\"url\":\"https:\\\/\\\/porvoojazzfestival.com\\\/sv\\\/karmen-roivassepp-quartet-2\\\/\",\"name\":\"Karmen R\u00f5ivassepp Quartet - Porvoo Jazz Festival\",\"isPartOf\":{\"@id\":\"https:\\\/\\\/porvoojazzfestival.com\\\/sv\\\/#website\"},\"primaryImageOfPage\":{\"@id\":\"https:\\\/\\\/porvoojazzfestival.com\\\/sv\\\/karmen-roivassepp-quartet-2\\\/#primaryimage\"},\"image\":{\"@id\":\"https:\\\/\\\/porvoojazzfestival.com\\\/sv\\\/karmen-roivassepp-quartet-2\\\/#primaryimage\"},\"thumbnailUrl\":\"https:\\\/\\\/porvoojazzfestival.com\\\/wp-content\\\/uploads\\\/2024\\\/05\\\/Untitled-design-11-scaled.jpg\",\"datePublished\":\"2024-05-30T09:33:45+00:00\",\"dateModified\":\"2024-05-30T09:33:46+00:00\",\"breadcrumb\":{\"@id\":\"https:\\\/\\\/porvoojazzfestival.com\\\/sv\\\/karmen-roivassepp-quartet-2\\\/#breadcrumb\"},\"inLanguage\":\"sv-SE\",\"potentialAction\":[{\"@type\":\"ReadAction\",\"target\":[\"https:\\\/\\\/porvoojazzfestival.com\\\/sv\\\/karmen-roivassepp-quartet-2\\\/\"]}]},{\"@type\":\"ImageObject\",\"inLanguage\":\"sv-SE\",\"@id\":\"https:\\\/\\\/porvoojazzfestival.com\\\/sv\\\/karmen-roivassepp-quartet-2\\\/#primaryimage\",\"url\":\"https:\\\/\\\/porvoojazzfestival.com\\\/wp-content\\\/uploads\\\/2024\\\/05\\\/Untitled-design-11-scaled.jpg\",\"contentUrl\":\"https:\\\/\\\/porvoojazzfestival.com\\\/wp-content\\\/uploads\\\/2024\\\/05\\\/Untitled-design-11-scaled.jpg\",\"width\":2560,\"height\":1280},{\"@type\":\"BreadcrumbList\",\"@id\":\"https:\\\/\\\/porvoojazzfestival.com\\\/sv\\\/karmen-roivassepp-quartet-2\\\/#breadcrumb\",\"itemListElement\":[{\"@type\":\"ListItem\",\"position\":1,\"name\":\"Home\",\"item\":\"https:\\\/\\\/porvoojazzfestival.com\\\/sv\\\/\"},{\"@type\":\"ListItem\",\"position\":2,\"name\":\"Karmen R\u00f5ivassepp Quartet\"}]},{\"@type\":\"WebSite\",\"@id\":\"https:\\\/\\\/porvoojazzfestival.com\\\/sv\\\/#website\",\"url\":\"https:\\\/\\\/porvoojazzfestival.com\\\/sv\\\/\",\"name\":\"Porvoo Jazz Festival\",\"description\":\"The Cosy Jazz Fest\",\"publisher\":{\"@id\":\"https:\\\/\\\/porvoojazzfestival.com\\\/sv\\\/#organization\"},\"potentialAction\":[{\"@type\":\"SearchAction\",\"target\":{\"@type\":\"EntryPoint\",\"urlTemplate\":\"https:\\\/\\\/porvoojazzfestival.com\\\/sv\\\/?s={search_term_string}\"},\"query-input\":{\"@type\":\"PropertyValueSpecification\",\"valueRequired\":true,\"valueName\":\"search_term_string\"}}],\"inLanguage\":\"sv-SE\"},{\"@type\":\"Organization\",\"@id\":\"https:\\\/\\\/porvoojazzfestival.com\\\/sv\\\/#organization\",\"name\":\"Porvoo Jazz Festival\",\"url\":\"https:\\\/\\\/porvoojazzfestival.com\\\/sv\\\/\",\"logo\":{\"@type\":\"ImageObject\",\"inLanguage\":\"sv-SE\",\"@id\":\"https:\\\/\\\/porvoojazzfestival.com\\\/sv\\\/#\\\/schema\\\/logo\\\/image\\\/\",\"url\":\"https:\\\/\\\/porvoojazzfestival.com\\\/wp-content\\\/uploads\\\/2025\\\/01\\\/cropped-Porvoo-Jazz-Festival-Favicon.png\",\"contentUrl\":\"https:\\\/\\\/porvoojazzfestival.com\\\/wp-content\\\/uploads\\\/2025\\\/01\\\/cropped-Porvoo-Jazz-Festival-Favicon.png\",\"width\":512,\"height\":512,\"caption\":\"Porvoo Jazz Festival\"},\"image\":{\"@id\":\"https:\\\/\\\/porvoojazzfestival.com\\\/sv\\\/#\\\/schema\\\/logo\\\/image\\\/\"},\"sameAs\":[\"https:\\\/\\\/www.facebook.com\\\/PorvooJazzFestival\\\/\",\"https:\\\/\\\/x.com\\\/porvoojazzfest\"]},{\"@type\":\"Person\",\"@id\":\"https:\\\/\\\/porvoojazzfestival.com\\\/sv\\\/#\\\/schema\\\/person\\\/a27a2522702a72037c4d46d70807e79c\",\"name\":\"Ulpu Hozjajenok\",\"image\":{\"@type\":\"ImageObject\",\"inLanguage\":\"sv-SE\",\"@id\":\"https:\\\/\\\/secure.gravatar.com\\\/avatar\\\/4eab8813ebc7881b9cf0e932655e45fb1b448b7c5d59d9330c799d4c33d06543?s=96&d=mm&r=g\",\"url\":\"https:\\\/\\\/secure.gravatar.com\\\/avatar\\\/4eab8813ebc7881b9cf0e932655e45fb1b448b7c5d59d9330c799d4c33d06543?s=96&d=mm&r=g\",\"contentUrl\":\"https:\\\/\\\/secure.gravatar.com\\\/avatar\\\/4eab8813ebc7881b9cf0e932655e45fb1b448b7c5d59d9330c799d4c33d06543?s=96&d=mm&r=g\",\"caption\":\"Ulpu Hozjajenok\"},\"url\":\"https:\\\/\\\/porvoojazzfestival.com\\\/sv\\\/author\\\/ulpu\\\/\"}]}<\/script>\n<!-- \/ Yoast SEO plugin. -->","yoast_head_json":{"title":"Karmen R\u00f5ivassepp Quartet - Porvoo Jazz Festival","robots":{"index":"index","follow":"follow","max-snippet":"max-snippet:-1","max-image-preview":"max-image-preview:large","max-video-preview":"max-video-preview:-1"},"canonical":"https:\/\/porvoojazzfestival.com\/sv\/karmen-roivassepp-quartet-2\/","og_locale":"sv_SE","og_type":"article","og_title":"Karmen R\u00f5ivassepp Quartet - Porvoo Jazz Festival","og_description":"Karmen R\u00f5ivassepp Quartet \u00e4r en livlig jazzgrupp som har samlat en solid publik och n\u00e5tt framg\u00e5ng i Skandinavien, redan sedan debuten 2018. Gruppen har \u00e4ven b\u00f6rjat att sl\u00e5 igenom p\u00e5 den europeiska jazzscenen. Kvartetten utvecklas st\u00e4ndigt och har p\u00e5 senare tid g\u00e5tt l\u00e4ngre bort fr\u00e5n den traditionella jazz-stilen samt presenterar mer st\u00e4mningsfullt och melankoliskt nutida [&hellip;]","og_url":"https:\/\/porvoojazzfestival.com\/sv\/karmen-roivassepp-quartet-2\/","og_site_name":"Porvoo Jazz Festival","article_publisher":"https:\/\/www.facebook.com\/PorvooJazzFestival\/","article_published_time":"2024-05-30T09:33:45+00:00","article_modified_time":"2024-05-30T09:33:46+00:00","og_image":[{"width":2560,"height":1707,"url":"https:\/\/porvoojazzfestival.com\/wp-content\/uploads\/2024\/05\/foto-1_Martin-Dam-Kristensen-scaled-e1715165374345.jpeg","type":"image\/jpeg"}],"author":"Ulpu Hozjajenok","twitter_card":"summary_large_image","twitter_creator":"@porvoojazzfest","twitter_site":"@porvoojazzfest","twitter_misc":{"Skriven av":"Ulpu Hozjajenok","Ber\u00e4knad l\u00e4stid":"1 minut"},"schema":{"@context":"https:\/\/schema.org","@graph":[{"@type":"Article","@id":"https:\/\/porvoojazzfestival.com\/sv\/karmen-roivassepp-quartet-2\/#article","isPartOf":{"@id":"https:\/\/porvoojazzfestival.com\/sv\/karmen-roivassepp-quartet-2\/"},"author":{"name":"Ulpu Hozjajenok","@id":"https:\/\/porvoojazzfestival.com\/sv\/#\/schema\/person\/a27a2522702a72037c4d46d70807e79c"},"headline":"Karmen R\u00f5ivassepp Quartet","datePublished":"2024-05-30T09:33:45+00:00","dateModified":"2024-05-30T09:33:46+00:00","mainEntityOfPage":{"@id":"https:\/\/porvoojazzfestival.com\/sv\/karmen-roivassepp-quartet-2\/"},"wordCount":289,"publisher":{"@id":"https:\/\/porvoojazzfestival.com\/sv\/#organization"},"image":{"@id":"https:\/\/porvoojazzfestival.com\/sv\/karmen-roivassepp-quartet-2\/#primaryimage"},"thumbnailUrl":"https:\/\/porvoojazzfestival.com\/wp-content\/uploads\/2024\/05\/Untitled-design-11-scaled.jpg","articleSection":["Artister 2024"],"inLanguage":"sv-SE"},{"@type":"WebPage","@id":"https:\/\/porvoojazzfestival.com\/sv\/karmen-roivassepp-quartet-2\/","url":"https:\/\/porvoojazzfestival.com\/sv\/karmen-roivassepp-quartet-2\/","name":"Karmen R\u00f5ivassepp Quartet - Porvoo Jazz Festival","isPartOf":{"@id":"https:\/\/porvoojazzfestival.com\/sv\/#website"},"primaryImageOfPage":{"@id":"https:\/\/porvoojazzfestival.com\/sv\/karmen-roivassepp-quartet-2\/#primaryimage"},"image":{"@id":"https:\/\/porvoojazzfestival.com\/sv\/karmen-roivassepp-quartet-2\/#primaryimage"},"thumbnailUrl":"https:\/\/porvoojazzfestival.com\/wp-content\/uploads\/2024\/05\/Untitled-design-11-scaled.jpg","datePublished":"2024-05-30T09:33:45+00:00","dateModified":"2024-05-30T09:33:46+00:00","breadcrumb":{"@id":"https:\/\/porvoojazzfestival.com\/sv\/karmen-roivassepp-quartet-2\/#breadcrumb"},"inLanguage":"sv-SE","potentialAction":[{"@type":"ReadAction","target":["https:\/\/porvoojazzfestival.com\/sv\/karmen-roivassepp-quartet-2\/"]}]},{"@type":"ImageObject","inLanguage":"sv-SE","@id":"https:\/\/porvoojazzfestival.com\/sv\/karmen-roivassepp-quartet-2\/#primaryimage","url":"https:\/\/porvoojazzfestival.com\/wp-content\/uploads\/2024\/05\/Untitled-design-11-scaled.jpg","contentUrl":"https:\/\/porvoojazzfestival.com\/wp-content\/uploads\/2024\/05\/Untitled-design-11-scaled.jpg","width":2560,"height":1280},{"@type":"BreadcrumbList","@id":"https:\/\/porvoojazzfestival.com\/sv\/karmen-roivassepp-quartet-2\/#breadcrumb","itemListElement":[{"@type":"ListItem","position":1,"name":"Home","item":"https:\/\/porvoojazzfestival.com\/sv\/"},{"@type":"ListItem","position":2,"name":"Karmen R\u00f5ivassepp Quartet"}]},{"@type":"WebSite","@id":"https:\/\/porvoojazzfestival.com\/sv\/#website","url":"https:\/\/porvoojazzfestival.com\/sv\/","name":"Porvoo Jazz Festival","description":"The Cosy Jazz Fest","publisher":{"@id":"https:\/\/porvoojazzfestival.com\/sv\/#organization"},"potentialAction":[{"@type":"SearchAction","target":{"@type":"EntryPoint","urlTemplate":"https:\/\/porvoojazzfestival.com\/sv\/?s={search_term_string}"},"query-input":{"@type":"PropertyValueSpecification","valueRequired":true,"valueName":"search_term_string"}}],"inLanguage":"sv-SE"},{"@type":"Organization","@id":"https:\/\/porvoojazzfestival.com\/sv\/#organization","name":"Porvoo Jazz Festival","url":"https:\/\/porvoojazzfestival.com\/sv\/","logo":{"@type":"ImageObject","inLanguage":"sv-SE","@id":"https:\/\/porvoojazzfestival.com\/sv\/#\/schema\/logo\/image\/","url":"https:\/\/porvoojazzfestival.com\/wp-content\/uploads\/2025\/01\/cropped-Porvoo-Jazz-Festival-Favicon.png","contentUrl":"https:\/\/porvoojazzfestival.com\/wp-content\/uploads\/2025\/01\/cropped-Porvoo-Jazz-Festival-Favicon.png","width":512,"height":512,"caption":"Porvoo Jazz Festival"},"image":{"@id":"https:\/\/porvoojazzfestival.com\/sv\/#\/schema\/logo\/image\/"},"sameAs":["https:\/\/www.facebook.com\/PorvooJazzFestival\/","https:\/\/x.com\/porvoojazzfest"]},{"@type":"Person","@id":"https:\/\/porvoojazzfestival.com\/sv\/#\/schema\/person\/a27a2522702a72037c4d46d70807e79c","name":"Ulpu Hozjajenok","image":{"@type":"ImageObject","inLanguage":"sv-SE","@id":"https:\/\/secure.gravatar.com\/avatar\/4eab8813ebc7881b9cf0e932655e45fb1b448b7c5d59d9330c799d4c33d06543?s=96&d=mm&r=g","url":"https:\/\/secure.gravatar.com\/avatar\/4eab8813ebc7881b9cf0e932655e45fb1b448b7c5d59d9330c799d4c33d06543?s=96&d=mm&r=g","contentUrl":"https:\/\/secure.gravatar.com\/avatar\/4eab8813ebc7881b9cf0e932655e45fb1b448b7c5d59d9330c799d4c33d06543?s=96&d=mm&r=g","caption":"Ulpu Hozjajenok"},"url":"https:\/\/porvoojazzfestival.com\/sv\/author\/ulpu\/"}]}},"_links":{"self":[{"href":"https:\/\/porvoojazzfestival.com\/sv\/wp-json\/wp\/v2\/posts\/10162","targetHints":{"allow":["GET"]}}],"collection":[{"href":"https:\/\/porvoojazzfestival.com\/sv\/wp-json\/wp\/v2\/posts"}],"about":[{"href":"https:\/\/porvoojazzfestival.com\/sv\/wp-json\/wp\/v2\/types\/post"}],"author":[{"embeddable":true,"href":"https:\/\/porvoojazzfestival.com\/sv\/wp-json\/wp\/v2\/users\/7"}],"replies":[{"embeddable":true,"href":"https:\/\/porvoojazzfestival.com\/sv\/wp-json\/wp\/v2\/comments?post=10162"}],"version-history":[{"count":0,"href":"https:\/\/porvoojazzfestival.com\/sv\/wp-json\/wp\/v2\/posts\/10162\/revisions"}],"wp:featuredmedia":[{"embeddable":true,"href":"https:\/\/porvoojazzfestival.com\/sv\/wp-json\/wp\/v2\/media\/10374"}],"wp:attachment":[{"href":"https:\/\/porvoojazzfestival.com\/sv\/wp-json\/wp\/v2\/media?parent=10162"}],"wp:term":[{"taxonomy":"category","embeddable":true,"href":"https:\/\/porvoojazzfestival.com\/sv\/wp-json\/wp\/v2\/categories?post=10162"},{"taxonomy":"post_tag","embeddable":true,"href":"https:\/\/porvoojazzfestival.com\/sv\/wp-json\/wp\/v2\/tags?post=10162"}],"curies":[{"name":"wp","href":"https:\/\/api.w.org\/{rel}","templated":true}]}}