{"id":73,"date":"2015-05-12T09:01:38","date_gmt":"2015-05-12T09:01:38","guid":{"rendered":"http:\/\/porvoojazzfestival.com\/?p=73"},"modified":"2015-07-04T06:37:06","modified_gmt":"2015-07-04T06:37:06","slug":"porvoo-jazz-festival-2015","status":"publish","type":"post","link":"https:\/\/porvoojazzfestival.com\/en\/porvoo-jazz-festival-2015\/","title":{"rendered":"Porvoo Jazz Festival 3.9-5.9.2015"},"content":{"rendered":"<p>T\u00e4n\u00e4 vuonna kolmatta kertaa j\u00e4rjestett\u00e4v\u00e4 <strong>Porvoon Jazz Festivaali<\/strong> on lunastanut paikkansa festivaalikartalla ja siit\u00e4 on tullut perinne!\u00a0 Suomen sympaattisimmaksi ja viihtyis\u00e4mm\u00e4ksi festivaaliksi kehuttu tapahtuma tuo t\u00e4n\u00e4kin vuonna Porvooseen svengaavaa jazzia l\u00e4helt\u00e4 ja kaukaa.<\/p>\n<p>P\u00e4\u00e4konsertit j\u00e4rjestet\u00e4\u00e4n <strong>Kulttuuritalo Grandissa<\/strong>, legendaariset jamit <strong>Zum Beispiel<\/strong>-ravintolassa ja jazzkonsertteja my\u00f6s muissa Porvoon vanhan kaupungin kahviloissa ja baareissa.<\/p>\n<p>N\u00e4in sanoo festivaalin taiteellinen johtaja <strong>Andr\u00e9 Sumelius<\/strong> vuoden tapahtumasta:<\/p>\n<blockquote><p>Vuoden ohjelma koostuu helposti l\u00e4hestytt\u00e4v\u00e4st\u00e4 svengaavasta jazzista joka on minun syd\u00e4nt\u00e4ni l\u00e4hell\u00e4.\u00a0 T\u00e4rkeint\u00e4 on ett\u00e4 ihmiset viihtyy ja saavat nauttia syksyn v\u00e4reist\u00e4. T\u00e4n\u00e4 vuonna festivaalilla n\u00e4hd\u00e4\u00e4n kotimaisten ja kansainv\u00e4listen artistien lis\u00e4ksi paljon Porvoon seudun\u00a0 ammattitaitoa musiikista ruokaan<\/p><\/blockquote>\n<p>Porvoon Jazz Festivaalin ensimm\u00e4iset artistikiinnitykset ovat:<\/p>\n<p>Richardson(US)\/M\u00e4kynen\/L\u00f6tj\u00f6nen &#8211; Alttosaksofonisti Logan Richardson on yksi ik\u00e4polvensa valovoimaisimmista alttosaksofonisteista ja on soittanut mm. Jason Moranin, Joe Chambersin ja Nasheet Waitsin yhtyeiss\u00e4. Teppo M\u00e4kynen ja Antti L\u00f6tj\u00f6nen ovat hioneet yhteissoittoaan jo pitk\u00e4\u00e4n niin Five Corners Quintetiss\u00e4, Timo Lassyn, kuin Verneri Pohjola Quartetissa.<\/p>\n<p>Sinne Eeg (DK) &#8211; Sinne Eeg on Tanskan johtavimpia jazzlaulajia. Tanskalainen laulajatar on voittanut kotimaassaan monia arvostettuja palkintoja kuten esimerkiksi &#8220;Danish Music Award -Best vocal album&#8221; vuosina 2007, 2010 ja 2014<\/p>\n<p>Tervetuloa nauttimaan hienosta tunnelmasta ja korkeatasoisesta jazzista hyv\u00e4ss\u00e4 seurassa.<\/p>\n","protected":false},"excerpt":{"rendered":"<p>T\u00e4n\u00e4 vuonna kolmatta kertaa j\u00e4rjestett\u00e4v\u00e4 Porvoon Jazz Festivaali on lunastanut paikkansa festivaalikartalla ja siit\u00e4 on tullut perinne!\u00a0 Suomen sympaattisimmaksi ja viihtyis\u00e4mm\u00e4ksi festivaaliksi kehuttu tapahtuma tuo t\u00e4n\u00e4kin vuonna Porvooseen svengaavaa jazzia l\u00e4helt\u00e4 ja kaukaa. P\u00e4\u00e4konsertit j\u00e4rjestet\u00e4\u00e4n Kulttuuritalo Grandissa, legendaariset jamit Zum Beispiel-ravintolassa ja jazzkonsertteja my\u00f6s muissa Porvoon vanhan kaupungin kahviloissa ja baareissa. N\u00e4in sanoo festivaalin taiteellinen [&hellip;]<\/p>\n","protected":false},"author":1,"featured_media":452,"comment_status":"closed","ping_status":"closed","sticky":false,"template":"","format":"standard","meta":{"_acf_changed":false,"_et_pb_use_builder":"","_et_pb_old_content":"","_et_gb_content_width":"","footnotes":""},"categories":[7],"tags":[],"class_list":["post-73","post","type-post","status-publish","format-standard","has-post-thumbnail","hentry","category-news"],"acf":[],"yoast_head":"<!-- This site is optimized with the Yoast SEO plugin v27.4 - https:\/\/yoast.com\/product\/yoast-seo-wordpress\/ -->\n<title>Porvoo Jazz Festival 3.9-5.9.2015 - Porvoo Jazz Festival<\/title>\n<meta name=\"robots\" content=\"index, follow, max-snippet:-1, max-image-preview:large, max-video-preview:-1\" \/>\n<link rel=\"canonical\" href=\"https:\/\/porvoojazzfestival.com\/en\/porvoo-jazz-festival-2015\/\" \/>\n<meta property=\"og:locale\" content=\"en_US\" \/>\n<meta property=\"og:type\" content=\"article\" \/>\n<meta property=\"og:title\" content=\"Porvoo Jazz Festival 3.9-5.9.2015 - Porvoo Jazz Festival\" \/>\n<meta property=\"og:description\" content=\"T\u00e4n\u00e4 vuonna kolmatta kertaa j\u00e4rjestett\u00e4v\u00e4 Porvoon Jazz Festivaali on lunastanut paikkansa festivaalikartalla ja siit\u00e4 on tullut perinne!\u00a0 Suomen sympaattisimmaksi ja viihtyis\u00e4mm\u00e4ksi festivaaliksi kehuttu tapahtuma tuo t\u00e4n\u00e4kin vuonna Porvooseen svengaavaa jazzia l\u00e4helt\u00e4 ja kaukaa. P\u00e4\u00e4konsertit j\u00e4rjestet\u00e4\u00e4n Kulttuuritalo Grandissa, legendaariset jamit Zum Beispiel-ravintolassa ja jazzkonsertteja my\u00f6s muissa Porvoon vanhan kaupungin kahviloissa ja baareissa. N\u00e4in sanoo festivaalin taiteellinen [&hellip;]\" \/>\n<meta property=\"og:url\" content=\"https:\/\/porvoojazzfestival.com\/en\/porvoo-jazz-festival-2015\/\" \/>\n<meta property=\"og:site_name\" content=\"Porvoo Jazz Festival\" \/>\n<meta property=\"article:publisher\" content=\"https:\/\/www.facebook.com\/PorvooJazzFestival\/\" \/>\n<meta property=\"article:published_time\" content=\"2015-05-12T09:01:38+00:00\" \/>\n<meta property=\"article:modified_time\" content=\"2015-07-04T06:37:06+00:00\" \/>\n<meta property=\"og:image\" content=\"https:\/\/porvoojazzfestival.com\/wp-content\/uploads\/2015\/05\/video-bg.jpg\" \/>\n\t<meta property=\"og:image:width\" content=\"1920\" \/>\n\t<meta property=\"og:image:height\" content=\"1078\" \/>\n\t<meta property=\"og:image:type\" content=\"image\/jpeg\" \/>\n<meta name=\"author\" content=\"Hash Varsani\" \/>\n<meta name=\"twitter:card\" content=\"summary_large_image\" \/>\n<meta name=\"twitter:creator\" content=\"@porvoojazzfest\" \/>\n<meta name=\"twitter:site\" content=\"@porvoojazzfest\" \/>\n<meta name=\"twitter:label1\" content=\"Written by\" \/>\n\t<meta name=\"twitter:data1\" content=\"Hash Varsani\" \/>\n\t<meta name=\"twitter:label2\" content=\"Est. reading time\" \/>\n\t<meta name=\"twitter:data2\" content=\"1 minute\" \/>\n<script type=\"application\/ld+json\" class=\"yoast-schema-graph\">{\"@context\":\"https:\\\/\\\/schema.org\",\"@graph\":[{\"@type\":\"Article\",\"@id\":\"https:\\\/\\\/porvoojazzfestival.com\\\/en\\\/porvoo-jazz-festival-2015\\\/#article\",\"isPartOf\":{\"@id\":\"https:\\\/\\\/porvoojazzfestival.com\\\/en\\\/porvoo-jazz-festival-2015\\\/\"},\"author\":{\"name\":\"Hash Varsani\",\"@id\":\"https:\\\/\\\/porvoojazzfestival.com\\\/en\\\/#\\\/schema\\\/person\\\/42b460aca602b0ad3bca03ab24abaa6b\"},\"headline\":\"Porvoo Jazz Festival 3.9-5.9.2015\",\"datePublished\":\"2015-05-12T09:01:38+00:00\",\"dateModified\":\"2015-07-04T06:37:06+00:00\",\"mainEntityOfPage\":{\"@id\":\"https:\\\/\\\/porvoojazzfestival.com\\\/en\\\/porvoo-jazz-festival-2015\\\/\"},\"wordCount\":225,\"publisher\":{\"@id\":\"https:\\\/\\\/porvoojazzfestival.com\\\/en\\\/#organization\"},\"image\":{\"@id\":\"https:\\\/\\\/porvoojazzfestival.com\\\/en\\\/porvoo-jazz-festival-2015\\\/#primaryimage\"},\"thumbnailUrl\":\"https:\\\/\\\/porvoojazzfestival.com\\\/wp-content\\\/uploads\\\/2015\\\/05\\\/video-bg.jpg\",\"articleSection\":[\"News\"],\"inLanguage\":\"en-US\"},{\"@type\":\"WebPage\",\"@id\":\"https:\\\/\\\/porvoojazzfestival.com\\\/en\\\/porvoo-jazz-festival-2015\\\/\",\"url\":\"https:\\\/\\\/porvoojazzfestival.com\\\/en\\\/porvoo-jazz-festival-2015\\\/\",\"name\":\"Porvoo Jazz Festival 3.9-5.9.2015 - Porvoo Jazz Festival\",\"isPartOf\":{\"@id\":\"https:\\\/\\\/porvoojazzfestival.com\\\/en\\\/#website\"},\"primaryImageOfPage\":{\"@id\":\"https:\\\/\\\/porvoojazzfestival.com\\\/en\\\/porvoo-jazz-festival-2015\\\/#primaryimage\"},\"image\":{\"@id\":\"https:\\\/\\\/porvoojazzfestival.com\\\/en\\\/porvoo-jazz-festival-2015\\\/#primaryimage\"},\"thumbnailUrl\":\"https:\\\/\\\/porvoojazzfestival.com\\\/wp-content\\\/uploads\\\/2015\\\/05\\\/video-bg.jpg\",\"datePublished\":\"2015-05-12T09:01:38+00:00\",\"dateModified\":\"2015-07-04T06:37:06+00:00\",\"breadcrumb\":{\"@id\":\"https:\\\/\\\/porvoojazzfestival.com\\\/en\\\/porvoo-jazz-festival-2015\\\/#breadcrumb\"},\"inLanguage\":\"en-US\",\"potentialAction\":[{\"@type\":\"ReadAction\",\"target\":[\"https:\\\/\\\/porvoojazzfestival.com\\\/en\\\/porvoo-jazz-festival-2015\\\/\"]}]},{\"@type\":\"ImageObject\",\"inLanguage\":\"en-US\",\"@id\":\"https:\\\/\\\/porvoojazzfestival.com\\\/en\\\/porvoo-jazz-festival-2015\\\/#primaryimage\",\"url\":\"https:\\\/\\\/porvoojazzfestival.com\\\/wp-content\\\/uploads\\\/2015\\\/05\\\/video-bg.jpg\",\"contentUrl\":\"https:\\\/\\\/porvoojazzfestival.com\\\/wp-content\\\/uploads\\\/2015\\\/05\\\/video-bg.jpg\",\"width\":1920,\"height\":1078},{\"@type\":\"BreadcrumbList\",\"@id\":\"https:\\\/\\\/porvoojazzfestival.com\\\/en\\\/porvoo-jazz-festival-2015\\\/#breadcrumb\",\"itemListElement\":[{\"@type\":\"ListItem\",\"position\":1,\"name\":\"Home\",\"item\":\"https:\\\/\\\/porvoojazzfestival.com\\\/en\\\/porvoo-jazz-club-new\\\/\"},{\"@type\":\"ListItem\",\"position\":2,\"name\":\"Porvoo Jazz Festival 3.9-5.9.2015\"}]},{\"@type\":\"WebSite\",\"@id\":\"https:\\\/\\\/porvoojazzfestival.com\\\/en\\\/#website\",\"url\":\"https:\\\/\\\/porvoojazzfestival.com\\\/en\\\/\",\"name\":\"Porvoo Jazz Festival\",\"description\":\"The Cosy Jazz Fest\",\"publisher\":{\"@id\":\"https:\\\/\\\/porvoojazzfestival.com\\\/en\\\/#organization\"},\"potentialAction\":[{\"@type\":\"SearchAction\",\"target\":{\"@type\":\"EntryPoint\",\"urlTemplate\":\"https:\\\/\\\/porvoojazzfestival.com\\\/en\\\/?s={search_term_string}\"},\"query-input\":{\"@type\":\"PropertyValueSpecification\",\"valueRequired\":true,\"valueName\":\"search_term_string\"}}],\"inLanguage\":\"en-US\"},{\"@type\":\"Organization\",\"@id\":\"https:\\\/\\\/porvoojazzfestival.com\\\/en\\\/#organization\",\"name\":\"Porvoo Jazz Festival\",\"url\":\"https:\\\/\\\/porvoojazzfestival.com\\\/en\\\/\",\"logo\":{\"@type\":\"ImageObject\",\"inLanguage\":\"en-US\",\"@id\":\"https:\\\/\\\/porvoojazzfestival.com\\\/en\\\/#\\\/schema\\\/logo\\\/image\\\/\",\"url\":\"https:\\\/\\\/porvoojazzfestival.com\\\/wp-content\\\/uploads\\\/2025\\\/01\\\/cropped-Porvoo-Jazz-Festival-Favicon.png\",\"contentUrl\":\"https:\\\/\\\/porvoojazzfestival.com\\\/wp-content\\\/uploads\\\/2025\\\/01\\\/cropped-Porvoo-Jazz-Festival-Favicon.png\",\"width\":512,\"height\":512,\"caption\":\"Porvoo Jazz Festival\"},\"image\":{\"@id\":\"https:\\\/\\\/porvoojazzfestival.com\\\/en\\\/#\\\/schema\\\/logo\\\/image\\\/\"},\"sameAs\":[\"https:\\\/\\\/www.facebook.com\\\/PorvooJazzFestival\\\/\",\"https:\\\/\\\/x.com\\\/porvoojazzfest\"]},{\"@type\":\"Person\",\"@id\":\"https:\\\/\\\/porvoojazzfestival.com\\\/en\\\/#\\\/schema\\\/person\\\/42b460aca602b0ad3bca03ab24abaa6b\",\"name\":\"Hash Varsani\",\"image\":{\"@type\":\"ImageObject\",\"inLanguage\":\"en-US\",\"@id\":\"https:\\\/\\\/secure.gravatar.com\\\/avatar\\\/610858de0df070dcdf3d9fbafed6439faf451410203a0109a02df33aeb53f1bb?s=96&d=mm&r=g\",\"url\":\"https:\\\/\\\/secure.gravatar.com\\\/avatar\\\/610858de0df070dcdf3d9fbafed6439faf451410203a0109a02df33aeb53f1bb?s=96&d=mm&r=g\",\"contentUrl\":\"https:\\\/\\\/secure.gravatar.com\\\/avatar\\\/610858de0df070dcdf3d9fbafed6439faf451410203a0109a02df33aeb53f1bb?s=96&d=mm&r=g\",\"caption\":\"Hash Varsani\"},\"url\":\"https:\\\/\\\/porvoojazzfestival.com\\\/en\\\/author\\\/hashsysadmin\\\/\"}]}<\/script>\n<!-- \/ Yoast SEO plugin. -->","yoast_head_json":{"title":"Porvoo Jazz Festival 3.9-5.9.2015 - Porvoo Jazz Festival","robots":{"index":"index","follow":"follow","max-snippet":"max-snippet:-1","max-image-preview":"max-image-preview:large","max-video-preview":"max-video-preview:-1"},"canonical":"https:\/\/porvoojazzfestival.com\/en\/porvoo-jazz-festival-2015\/","og_locale":"en_US","og_type":"article","og_title":"Porvoo Jazz Festival 3.9-5.9.2015 - Porvoo Jazz Festival","og_description":"T\u00e4n\u00e4 vuonna kolmatta kertaa j\u00e4rjestett\u00e4v\u00e4 Porvoon Jazz Festivaali on lunastanut paikkansa festivaalikartalla ja siit\u00e4 on tullut perinne!\u00a0 Suomen sympaattisimmaksi ja viihtyis\u00e4mm\u00e4ksi festivaaliksi kehuttu tapahtuma tuo t\u00e4n\u00e4kin vuonna Porvooseen svengaavaa jazzia l\u00e4helt\u00e4 ja kaukaa. P\u00e4\u00e4konsertit j\u00e4rjestet\u00e4\u00e4n Kulttuuritalo Grandissa, legendaariset jamit Zum Beispiel-ravintolassa ja jazzkonsertteja my\u00f6s muissa Porvoon vanhan kaupungin kahviloissa ja baareissa. N\u00e4in sanoo festivaalin taiteellinen [&hellip;]","og_url":"https:\/\/porvoojazzfestival.com\/en\/porvoo-jazz-festival-2015\/","og_site_name":"Porvoo Jazz Festival","article_publisher":"https:\/\/www.facebook.com\/PorvooJazzFestival\/","article_published_time":"2015-05-12T09:01:38+00:00","article_modified_time":"2015-07-04T06:37:06+00:00","og_image":[{"width":1920,"height":1078,"url":"https:\/\/porvoojazzfestival.com\/wp-content\/uploads\/2015\/05\/video-bg.jpg","type":"image\/jpeg"}],"author":"Hash Varsani","twitter_card":"summary_large_image","twitter_creator":"@porvoojazzfest","twitter_site":"@porvoojazzfest","twitter_misc":{"Written by":"Hash Varsani","Est. reading time":"1 minute"},"schema":{"@context":"https:\/\/schema.org","@graph":[{"@type":"Article","@id":"https:\/\/porvoojazzfestival.com\/en\/porvoo-jazz-festival-2015\/#article","isPartOf":{"@id":"https:\/\/porvoojazzfestival.com\/en\/porvoo-jazz-festival-2015\/"},"author":{"name":"Hash Varsani","@id":"https:\/\/porvoojazzfestival.com\/en\/#\/schema\/person\/42b460aca602b0ad3bca03ab24abaa6b"},"headline":"Porvoo Jazz Festival 3.9-5.9.2015","datePublished":"2015-05-12T09:01:38+00:00","dateModified":"2015-07-04T06:37:06+00:00","mainEntityOfPage":{"@id":"https:\/\/porvoojazzfestival.com\/en\/porvoo-jazz-festival-2015\/"},"wordCount":225,"publisher":{"@id":"https:\/\/porvoojazzfestival.com\/en\/#organization"},"image":{"@id":"https:\/\/porvoojazzfestival.com\/en\/porvoo-jazz-festival-2015\/#primaryimage"},"thumbnailUrl":"https:\/\/porvoojazzfestival.com\/wp-content\/uploads\/2015\/05\/video-bg.jpg","articleSection":["News"],"inLanguage":"en-US"},{"@type":"WebPage","@id":"https:\/\/porvoojazzfestival.com\/en\/porvoo-jazz-festival-2015\/","url":"https:\/\/porvoojazzfestival.com\/en\/porvoo-jazz-festival-2015\/","name":"Porvoo Jazz Festival 3.9-5.9.2015 - Porvoo Jazz Festival","isPartOf":{"@id":"https:\/\/porvoojazzfestival.com\/en\/#website"},"primaryImageOfPage":{"@id":"https:\/\/porvoojazzfestival.com\/en\/porvoo-jazz-festival-2015\/#primaryimage"},"image":{"@id":"https:\/\/porvoojazzfestival.com\/en\/porvoo-jazz-festival-2015\/#primaryimage"},"thumbnailUrl":"https:\/\/porvoojazzfestival.com\/wp-content\/uploads\/2015\/05\/video-bg.jpg","datePublished":"2015-05-12T09:01:38+00:00","dateModified":"2015-07-04T06:37:06+00:00","breadcrumb":{"@id":"https:\/\/porvoojazzfestival.com\/en\/porvoo-jazz-festival-2015\/#breadcrumb"},"inLanguage":"en-US","potentialAction":[{"@type":"ReadAction","target":["https:\/\/porvoojazzfestival.com\/en\/porvoo-jazz-festival-2015\/"]}]},{"@type":"ImageObject","inLanguage":"en-US","@id":"https:\/\/porvoojazzfestival.com\/en\/porvoo-jazz-festival-2015\/#primaryimage","url":"https:\/\/porvoojazzfestival.com\/wp-content\/uploads\/2015\/05\/video-bg.jpg","contentUrl":"https:\/\/porvoojazzfestival.com\/wp-content\/uploads\/2015\/05\/video-bg.jpg","width":1920,"height":1078},{"@type":"BreadcrumbList","@id":"https:\/\/porvoojazzfestival.com\/en\/porvoo-jazz-festival-2015\/#breadcrumb","itemListElement":[{"@type":"ListItem","position":1,"name":"Home","item":"https:\/\/porvoojazzfestival.com\/en\/porvoo-jazz-club-new\/"},{"@type":"ListItem","position":2,"name":"Porvoo Jazz Festival 3.9-5.9.2015"}]},{"@type":"WebSite","@id":"https:\/\/porvoojazzfestival.com\/en\/#website","url":"https:\/\/porvoojazzfestival.com\/en\/","name":"Porvoo Jazz Festival","description":"The Cosy Jazz Fest","publisher":{"@id":"https:\/\/porvoojazzfestival.com\/en\/#organization"},"potentialAction":[{"@type":"SearchAction","target":{"@type":"EntryPoint","urlTemplate":"https:\/\/porvoojazzfestival.com\/en\/?s={search_term_string}"},"query-input":{"@type":"PropertyValueSpecification","valueRequired":true,"valueName":"search_term_string"}}],"inLanguage":"en-US"},{"@type":"Organization","@id":"https:\/\/porvoojazzfestival.com\/en\/#organization","name":"Porvoo Jazz Festival","url":"https:\/\/porvoojazzfestival.com\/en\/","logo":{"@type":"ImageObject","inLanguage":"en-US","@id":"https:\/\/porvoojazzfestival.com\/en\/#\/schema\/logo\/image\/","url":"https:\/\/porvoojazzfestival.com\/wp-content\/uploads\/2025\/01\/cropped-Porvoo-Jazz-Festival-Favicon.png","contentUrl":"https:\/\/porvoojazzfestival.com\/wp-content\/uploads\/2025\/01\/cropped-Porvoo-Jazz-Festival-Favicon.png","width":512,"height":512,"caption":"Porvoo Jazz Festival"},"image":{"@id":"https:\/\/porvoojazzfestival.com\/en\/#\/schema\/logo\/image\/"},"sameAs":["https:\/\/www.facebook.com\/PorvooJazzFestival\/","https:\/\/x.com\/porvoojazzfest"]},{"@type":"Person","@id":"https:\/\/porvoojazzfestival.com\/en\/#\/schema\/person\/42b460aca602b0ad3bca03ab24abaa6b","name":"Hash Varsani","image":{"@type":"ImageObject","inLanguage":"en-US","@id":"https:\/\/secure.gravatar.com\/avatar\/610858de0df070dcdf3d9fbafed6439faf451410203a0109a02df33aeb53f1bb?s=96&d=mm&r=g","url":"https:\/\/secure.gravatar.com\/avatar\/610858de0df070dcdf3d9fbafed6439faf451410203a0109a02df33aeb53f1bb?s=96&d=mm&r=g","contentUrl":"https:\/\/secure.gravatar.com\/avatar\/610858de0df070dcdf3d9fbafed6439faf451410203a0109a02df33aeb53f1bb?s=96&d=mm&r=g","caption":"Hash Varsani"},"url":"https:\/\/porvoojazzfestival.com\/en\/author\/hashsysadmin\/"}]}},"_links":{"self":[{"href":"https:\/\/porvoojazzfestival.com\/en\/wp-json\/wp\/v2\/posts\/73","targetHints":{"allow":["GET"]}}],"collection":[{"href":"https:\/\/porvoojazzfestival.com\/en\/wp-json\/wp\/v2\/posts"}],"about":[{"href":"https:\/\/porvoojazzfestival.com\/en\/wp-json\/wp\/v2\/types\/post"}],"author":[{"embeddable":true,"href":"https:\/\/porvoojazzfestival.com\/en\/wp-json\/wp\/v2\/users\/1"}],"replies":[{"embeddable":true,"href":"https:\/\/porvoojazzfestival.com\/en\/wp-json\/wp\/v2\/comments?post=73"}],"version-history":[{"count":0,"href":"https:\/\/porvoojazzfestival.com\/en\/wp-json\/wp\/v2\/posts\/73\/revisions"}],"wp:featuredmedia":[{"embeddable":true,"href":"https:\/\/porvoojazzfestival.com\/en\/wp-json\/wp\/v2\/media\/452"}],"wp:attachment":[{"href":"https:\/\/porvoojazzfestival.com\/en\/wp-json\/wp\/v2\/media?parent=73"}],"wp:term":[{"taxonomy":"category","embeddable":true,"href":"https:\/\/porvoojazzfestival.com\/en\/wp-json\/wp\/v2\/categories?post=73"},{"taxonomy":"post_tag","embeddable":true,"href":"https:\/\/porvoojazzfestival.com\/en\/wp-json\/wp\/v2\/tags?post=73"}],"curies":[{"name":"wp","href":"https:\/\/api.w.org\/{rel}","templated":true}]}}